{"id":62287,"date":"2023-07-14T15:49:33","date_gmt":"2023-07-14T13:49:33","guid":{"rendered":"https:\/\/jugulajm.net\/?p=62287"},"modified":"2023-07-15T18:45:22","modified_gmt":"2023-07-15T16:45:22","slug":"video-belinda-lan-duart-me-benin-pergjegjesia-eshte-personale-dhe","status":"publish","type":"post","link":"https:\/\/jugulajm.net\/?p=62287","title":{"rendered":"VIDEO\/ Belinda &#8221;lan duart&#8221; me Benin: P\u00ebrgjegj\u00ebsia \u00ebsht\u00eb personale, ndaj&#8230;"},"content":{"rendered":"<p>Nga Uashingtoni, Z\u00ebvend\u00ebskryeministrja e Shqip\u00ebris\u00eb, Belinda Balluku tha p\u00ebr Z\u00ebrin e Amerik\u00ebs se p\u00ebrgjegj\u00ebsia n\u00eb rastin Ahmetaj, apo t\u00eb gjith\u00eb atyre zyrtar\u00ebve apo ish-zyrtar\u00ebve t\u00eb majt\u00eb t\u00eb akuzuar p\u00ebr korrupsion, \u00ebsht\u00eb personale.<\/p>\n<p><em>\u201cKryeministri e ka th\u00ebn\u00eb disa her\u00eb q\u00eb qeveria shqiptare nuk do t\u00eb b\u00ebhet mburoj\u00eb p\u00ebr ask\u00ebnd dhe p\u00ebrgjegj\u00ebsia \u00ebsht\u00eb personale. K\u00ebshtu q\u00eb k\u00ebto jan\u00eb procese normale dhe nuk besoj q\u00eb ky \u00ebsht\u00eb nj\u00eb proces ndryshe nga t\u00eb tjer\u00ebt. Kemi treguar q\u00eb nuk kemi nd\u00ebrhyr\u00eb n\u00eb asnj\u00eb nga rastet kur ish-zyrtar\u00eb, ish-kryebashkiak\u00eb, ish-funksionar\u00eb dhe funksionar\u00eb, jan\u00eb n\u00ebn hetim nga kjo reform\u00eb e re, n\u00eb gjyq\u00ebsor dhe kudo tjet\u00ebr. Jan\u00eb procese p\u00ebr t\u00eb cilat ne kemi qen\u00eb t\u00eb p\u00ebrgatitur. Dhe sigurisht q\u00eb nuk \u00ebsht\u00eb politik\u00eb e qeveris\u00eb shqiptare, e Edi Ram\u00ebs, dhe e mazhoranc\u00ebs q\u00eb t\u00eb nd\u00ebrhyj\u00eb n\u00eb pun\u00ebt e drejt\u00ebsis\u00eb\u201d,<\/em>\u00a0tha Balluku.<\/p>\n<p>Pyetjes n\u00ebse mazhoranca duhet t\u00eb kishte b\u00ebr\u00eb ndryshimet n\u00eb Reform\u00ebn n\u00eb Drejt\u00ebsi p\u00ebr t\u00eb mos lejuar hap\u00ebsira q\u00eb t\u00eb akuzuarit p\u00ebr korrupsion, t\u00eb largoheshin nga vendi, duke mos u p\u00ebrballuar me drejt\u00ebsis\u00eb, Balluku la t\u00eb hapur mund\u00ebsin\u00eb e k\u00ebtyre p\u00ebrmir\u00ebsimeve ligjore.<\/p>\n<p><em>\u201cKy nuk \u00ebsht\u00eb faji i qeveris\u00eb. Nj\u00eb pjes\u00eb e opinionit publik, po thon\u00eb q\u00eb qeveria nuk po mbron, an\u00ebtar\u00ebt apo ish-an\u00ebtar\u00ebt e saj, gj\u00eb q\u00eb ne nuk kemi asnj\u00eb plan ta b\u00ebjm\u00eb. Ajo q\u00eb ne do t\u00eb donim t\u00eb shihnim n\u00eb t\u00eb ardhmen ishte q\u00eb i nj\u00ebjti intensitet q\u00eb po ndiqet nga SPAK-u sa i takon gjykimit, t\u00eb ish-an\u00ebtar\u00ebve t\u00eb qeveris\u00eb apo ish-kryebashkiak\u00ebve apo kryebashkiak\u00ebve apo zyrtar\u00ebve n\u00eb k\u00ebto momente, t\u00eb jet\u00eb edhe me qeverin\u00eb e m\u00ebparshme, pasi ka dosje q\u00eb prej koh\u00ebsh q\u00ebndrojn\u00eb n\u00eb SPAK, q\u00eb kan\u00eb t\u00eb b\u00ebjn\u00eb me ish-ministra me familjar\u00eb t\u00eb udh\u00ebheq\u00ebsve t\u00eb Partis\u00eb Demokratike apo partive t\u00eb tjera\u201d,<\/em>\u00a0tha Balluku.<\/p>\n<p>Sa i p\u00ebrket p\u00ebrgjegj\u00ebsis\u00eb morale t\u00eb qeveris\u00eb socialiste n\u00eb lidhje me \u00e7\u00ebshtjen e incenerator\u00ebve, Balluku sqaroi:\u00a0<em>Vizioni i kryeministrit, vizioni i qeveris\u00eb shqiptare, n\u00eb at\u00eb koh\u00eb ka qen\u00eb nj\u00eb zgjidhje p\u00ebrfundimtare e p\u00ebrhershme, p\u00ebr sa i p\u00ebrkiste trajtimit t\u00eb mbetjeve urbane. N\u00ebse disa ministra, nuk e kan\u00eb kryer si duhet detyr\u00ebn e tyre, dhe e gjitha mbetet p\u00ebr t\u2019u vendosur n\u00eb gjykat\u00eb, pasi t\u00eb gjith\u00eb k\u00ebta ministra q\u00eb ne po flasim, ish-ministra, jan\u00eb n\u00eb fazat e hetimit paraprak, pra ne nuk kemi nj\u00eb vendimmarrje, n\u00ebse jan\u00eb t\u00eb fajsh\u00ebm ose jo, jan\u00eb dosjet e prokuroris\u00eb.<\/em><\/p>\n<p>P\u00ebr largimin e deputetit Rrahman Rraja, Balluku thot\u00eb se ai nuk ka patur probleme me ligjin para se t\u00eb merrte mandatin, nd\u00ebrsa mazhoranca mbajti q\u00ebndrimin e duhur pas dhun\u00ebs ku u p\u00ebrfshin\u00eb familjar\u00eb t\u00eb ish-deputetit.<\/p>\n","protected":false},"excerpt":{"rendered":"<p>Nga Uashingtoni, Z\u00ebvend\u00ebskryeministrja e Shqip\u00ebris\u00eb, Belinda Balluku tha p\u00ebr Z\u00ebrin e Amerik\u00ebs se p\u00ebrgjegj\u00ebsia n\u00eb rastin Ahmetaj, apo t\u00eb gjith\u00eb atyre zyrtar\u00ebve apo ish-zyrtar\u00ebve t\u00eb majt\u00eb t\u00eb akuzuar p\u00ebr korrupsion, \u00ebsht\u00eb personale. \u201cKryeministri e ka th\u00ebn\u00eb disa her\u00eb q\u00eb qeveria shqiptare nuk do t\u00eb b\u00ebhet mburoj\u00eb p\u00ebr ask\u00ebnd dhe p\u00ebrgjegj\u00ebsia \u00ebsht\u00eb personale. K\u00ebshtu q\u00eb k\u00ebto [&hellip;]<\/p>\n","protected":false},"author":5,"featured_media":62346,"comment_status":"closed","ping_status":"closed","sticky":false,"template":"","format":"standard","meta":{"footnotes":""},"categories":[1,6332],"tags":[24860],"class_list":{"0":"post-62287","1":"post","2":"type-post","3":"status-publish","4":"format-standard","5":"has-post-thumbnail","7":"category-aktualitet","8":"category-te-fundit","9":"tag-video-belinda-lan-duart-me-benin-pergjegjesia-eshte-personale-dhe"},"_links":{"self":[{"href":"https:\/\/jugulajm.net\/index.php?rest_route=\/wp\/v2\/posts\/62287","targetHints":{"allow":["GET"]}}],"collection":[{"href":"https:\/\/jugulajm.net\/index.php?rest_route=\/wp\/v2\/posts"}],"about":[{"href":"https:\/\/jugulajm.net\/index.php?rest_route=\/wp\/v2\/types\/post"}],"author":[{"embeddable":true,"href":"https:\/\/jugulajm.net\/index.php?rest_route=\/wp\/v2\/users\/5"}],"replies":[{"embeddable":true,"href":"https:\/\/jugulajm.net\/index.php?rest_route=%2Fwp%2Fv2%2Fcomments&post=62287"}],"version-history":[{"count":0,"href":"https:\/\/jugulajm.net\/index.php?rest_route=\/wp\/v2\/posts\/62287\/revisions"}],"wp:featuredmedia":[{"embeddable":true,"href":"https:\/\/jugulajm.net\/index.php?rest_route=\/wp\/v2\/media\/62346"}],"wp:attachment":[{"href":"https:\/\/jugulajm.net\/index.php?rest_route=%2Fwp%2Fv2%2Fmedia&parent=62287"}],"wp:term":[{"taxonomy":"category","embeddable":true,"href":"https:\/\/jugulajm.net\/index.php?rest_route=%2Fwp%2Fv2%2Fcategories&post=62287"},{"taxonomy":"post_tag","embeddable":true,"href":"https:\/\/jugulajm.net\/index.php?rest_route=%2Fwp%2Fv2%2Ftags&post=62287"}],"curies":[{"name":"wp","href":"https:\/\/api.w.org\/{rel}","templated":true}]}}