{"id":62238,"date":"2023-07-13T14:46:53","date_gmt":"2023-07-13T12:46:53","guid":{"rendered":"https:\/\/jugulajm.net\/?p=62238"},"modified":"2023-07-13T14:47:11","modified_gmt":"2023-07-13T12:47:11","slug":"22-vjecari-bie-nga-kati-i-3-te-i-pallatit-ja-detajet","status":"publish","type":"post","link":"https:\/\/jugulajm.net\/?p=62238","title":{"rendered":"22-vje\u00e7ari bie nga kati i 3-t\u00eb i pallatit, ja detajet&#8230;"},"content":{"rendered":"<p>Nj\u00eb\u00a022-vje\u00e7ar ka r\u00ebn\u00eb\u00a0nga kati i 3-t\u00eb i nj\u00eb pallati n\u00eb Tiran\u00eb. I riu dyshohet se ka r\u00ebn\u00eb aksidentalisht.<\/p>\n<p>Ai ka marr\u00eb d\u00ebmtime dhe ndodhet n\u00eb spital, n\u00ebn kujdesin e mjek\u00ebve.<\/p>\n<p><strong>Njoftimi i policis\u00eb:<\/strong><\/p>\n<p>M\u00eb dat\u00eb 13.07.2023, n\u00eb rrug\u00ebn \u201cMuhamet Deliu\u201d, dyshohet se aksidentalisht ka r\u00ebn\u00eb nga kati i 3-t\u00eb i pallatit shtetasi F. D., 22 vje\u00e7.<\/p>\n<p>Si pasoj\u00eb \u00ebsht\u00eb d\u00ebmtuar dhe ndodhet n\u00eb spital, n\u00ebn kujdesin e mjek\u00ebve.<\/p>\n<p>Grupi hetimor po punon p\u00ebr sqarimin e rrethanave t\u00eb ngjarjes.<\/p>\n","protected":false},"excerpt":{"rendered":"<p>Nj\u00eb\u00a022-vje\u00e7ar ka r\u00ebn\u00eb\u00a0nga kati i 3-t\u00eb i nj\u00eb pallati n\u00eb Tiran\u00eb. I riu dyshohet se ka r\u00ebn\u00eb aksidentalisht. Ai ka marr\u00eb d\u00ebmtime dhe ndodhet n\u00eb spital, n\u00ebn kujdesin e mjek\u00ebve. Njoftimi i policis\u00eb: M\u00eb dat\u00eb 13.07.2023, n\u00eb rrug\u00ebn \u201cMuhamet Deliu\u201d, dyshohet se aksidentalisht ka r\u00ebn\u00eb nga kati i 3-t\u00eb i pallatit shtetasi F. D., 22 [&hellip;]<\/p>\n","protected":false},"author":5,"featured_media":54477,"comment_status":"closed","ping_status":"closed","sticky":false,"template":"","format":"standard","meta":{"footnotes":""},"categories":[1,6332],"tags":[24834,21500],"class_list":{"0":"post-62238","1":"post","2":"type-post","3":"status-publish","4":"format-standard","5":"has-post-thumbnail","7":"category-aktualitet","8":"category-te-fundit","9":"tag-22-vjecari-bie-nga-kati-i-3-te-i-pallatit","10":"tag-ja-detajet"},"_links":{"self":[{"href":"https:\/\/jugulajm.net\/index.php?rest_route=\/wp\/v2\/posts\/62238","targetHints":{"allow":["GET"]}}],"collection":[{"href":"https:\/\/jugulajm.net\/index.php?rest_route=\/wp\/v2\/posts"}],"about":[{"href":"https:\/\/jugulajm.net\/index.php?rest_route=\/wp\/v2\/types\/post"}],"author":[{"embeddable":true,"href":"https:\/\/jugulajm.net\/index.php?rest_route=\/wp\/v2\/users\/5"}],"replies":[{"embeddable":true,"href":"https:\/\/jugulajm.net\/index.php?rest_route=%2Fwp%2Fv2%2Fcomments&post=62238"}],"version-history":[{"count":0,"href":"https:\/\/jugulajm.net\/index.php?rest_route=\/wp\/v2\/posts\/62238\/revisions"}],"wp:featuredmedia":[{"embeddable":true,"href":"https:\/\/jugulajm.net\/index.php?rest_route=\/wp\/v2\/media\/54477"}],"wp:attachment":[{"href":"https:\/\/jugulajm.net\/index.php?rest_route=%2Fwp%2Fv2%2Fmedia&parent=62238"}],"wp:term":[{"taxonomy":"category","embeddable":true,"href":"https:\/\/jugulajm.net\/index.php?rest_route=%2Fwp%2Fv2%2Fcategories&post=62238"},{"taxonomy":"post_tag","embeddable":true,"href":"https:\/\/jugulajm.net\/index.php?rest_route=%2Fwp%2Fv2%2Ftags&post=62238"}],"curies":[{"name":"wp","href":"https:\/\/api.w.org\/{rel}","templated":true}]}}