{"id":62193,"date":"2023-07-12T17:50:32","date_gmt":"2023-07-12T15:50:32","guid":{"rendered":"https:\/\/jugulajm.net\/?p=62193"},"modified":"2023-07-12T17:50:32","modified_gmt":"2023-07-12T15:50:32","slug":"parlamenti-europian-miraton-me-290-vota-amendamentin-grek-per-lirimin-e-fredi-belerit","status":"publish","type":"post","link":"https:\/\/jugulajm.net\/?p=62193","title":{"rendered":"Parlamenti Europian miraton me 290 vota amendamentin grek p\u00ebr lirimin e Fredi Belerit"},"content":{"rendered":"<div class=\"block-wrapper\">\n<div class=\"block-wrapper-inner\">\n<p>Amendamenti grek p\u00ebr lirimin e kryebashkiakut t\u00eb zgjedhur t\u00eb Himar\u00ebs, Fredi Beleri, i cili u arrestua dy dit\u00eb para zgjedhjeve lokale t\u00eb 14 Majit, \u00ebsht\u00eb miratuar sot nga Parlamenti Evropian me 290 vota pro.<\/p>\n<\/div>\n<\/div>\n<div class=\"block-wrapper mktngab\">\n<div class=\"block-wrapper-inner\">\n<p>Amendamenti p\u00ebr \u201c<em>lirimin e menj\u00ebhersh\u00ebm t\u00eb kryebashkiakut t\u00eb Himar\u00ebs, Fredi Beleri<\/em>\u201d dhe p\u00ebr \u201c<em>mbrojtjen e pronave t\u00eb pakic\u00ebs komb\u00ebtare greke<\/em>\u201d, \u00ebsht\u00eb paraqitur nga Partia Popullore Europiane dhe Eurogrupi i s\u00eb Majt\u00ebs n\u00eb raportin mbi procesin e an\u00ebtar\u00ebsimit t\u00eb Shqip\u00ebris\u00eb n\u00eb BE.<\/p>\n<\/div>\n<\/div>\n<div class=\"block-wrapper\">\n<div class=\"block-wrapper-inner\">\n<p>\u201c<em>Parlamenti Europian shpreh shqet\u00ebsimin e tij p\u00ebr arrestimin e kryetarit t\u00eb ri t\u00eb bashkis\u00eb s\u00eb Himar\u00ebs, Fredi Beleri, n\u00eb prag t\u00eb zgjedhjeve lokale t\u00eb majit, i cili shkeli prezumimin e pafaj\u00ebsis\u00eb dhe pengoi kryetarin e zgjedhur t\u00eb merrte detyr\u00ebn, pasi ai mbetet i burgosur. N\u00ebnvizohet se kjo \u00e7\u00ebshtje lidhet me respektimin e p\u00ebrgjithsh\u00ebm t\u00eb t\u00eb drejtave themelore, \u00e7\u00ebshtjen e pazgjidhur t\u00eb pronave t\u00eb pjes\u00ebtar\u00ebve t\u00eb pakic\u00ebs etnike greke n\u00eb zon\u00ebn e bashkis\u00eb dhe akuzat p\u00ebr cenim nga shteti n\u00eb arsyetimin e vendimit p\u00ebr miratimin e ndryshimeve\u201d,\u00a0<\/em>thuhet n\u00eb amendamentin e eurodeputet\u00ebve grek\u00eb.<\/p>\n<\/div>\n<\/div>\n<div class=\"block-wrapper mktngab\">\n<div class=\"block-wrapper-inner\">\n<p>Amendamenti u mb\u00ebshtet nga q\u00ebndrimet e deputet\u00ebve grek\u00eb nga t\u00eb gjitha partit\u00eb. Manolis Kefalogiannis, Nikos Papandreu, Giorgos Kyrtsos dhe Emmanuel Fragos b\u00ebn\u00eb nd\u00ebrhyrje specifike n\u00eb favor t\u00eb tij.<\/p>\n<div class=\"block-wrapper mktngab\">\n<div class=\"block-wrapper-inner\">\n<p>Nd\u00ebrkoh\u00eb, nisma e Eurogrupit t\u00eb s\u00eb Majt\u00ebs drejtohej nga eurodeputeti i SYRIZA-s, Stelios Kouloglou.<\/p>\n<\/div>\n<\/div>\n<div class=\"block-wrapper\">\n<div class=\"block-wrapper-inner\">\n<p>Gjithashtu, n\u00eb seanc\u00ebn plenare, relatorja e raportit nga Parlamenti Evropian, eurodeputetja portugeze Isabel Santos, e cila u k\u00ebrkoi koleg\u00ebve grek\u00eb q\u00eb t\u00eb respektojn\u00eb vendimin e organeve shqiptare t\u00eb drejt\u00ebsis\u00eb.<\/p>\n<\/div>\n<\/div>\n<div class=\"block-wrapper mktngab\">\n<div class=\"block-wrapper-inner\">\n<p>Ajo gjithashtu u shprehu atyre garancin\u00eb se institucionet europiane do t\u00eb monitorojn\u00eb ecurin\u00eb e procesit t\u00eb gjykimit t\u00eb Belerit.<\/p>\n<\/div>\n<\/div>\n<div class=\"block-wrapper\">\n<div class=\"block-wrapper-inner\">\n<p>\u201c<em>D\u00ebshiroj t\u00eb p\u00ebrs\u00ebris shqet\u00ebsimet e shprehura nga disa koleg\u00eb n\u00eb lidhje me kryebashkiakun Beleri. \u00cbsht\u00eb nj\u00eb rast q\u00eb po ndiqet nga organet gjyq\u00ebsore t\u00eb Shqip\u00ebris\u00eb dhe ne, me respektimin m\u00eb t\u00eb rrept\u00eb t\u00eb ndarjes s\u00eb pushteteve, duhet t\u00eb respektojm\u00eb ato q\u00eb jan\u00eb vendimet e gjykatave. Megjithat\u00eb, k\u00ebtu i l\u00eb garancin\u00eb time personale t\u00eb gjith\u00eb koleg\u00ebve nga t\u00eb gjitha grupet parlamentare se personalisht do t\u00eb monitoroj zhvillimin e k\u00ebtij rasti dhe do t\u00eb siguroj q\u00eb parimet e shtetit ligjor t\u00eb respektohen me p\u00ebrpik\u00ebri<\/em>\u201d, tha Santos.<\/p>\n<\/div>\n<\/div>\n<\/div>\n<\/div>\n","protected":false},"excerpt":{"rendered":"<p>Amendamenti grek p\u00ebr lirimin e kryebashkiakut t\u00eb zgjedhur t\u00eb Himar\u00ebs, Fredi Beleri, i cili u arrestua dy dit\u00eb para zgjedhjeve lokale t\u00eb 14 Majit, \u00ebsht\u00eb miratuar sot nga Parlamenti Evropian me 290 vota pro. Amendamenti p\u00ebr \u201clirimin e menj\u00ebhersh\u00ebm t\u00eb kryebashkiakut t\u00eb Himar\u00ebs, Fredi Beleri\u201d dhe p\u00ebr \u201cmbrojtjen e pronave t\u00eb pakic\u00ebs komb\u00ebtare greke\u201d, \u00ebsht\u00eb [&hellip;]<\/p>\n","protected":false},"author":5,"featured_media":59039,"comment_status":"closed","ping_status":"closed","sticky":false,"template":"","format":"standard","meta":{"footnotes":""},"categories":[1,6332],"tags":[24817],"class_list":{"0":"post-62193","1":"post","2":"type-post","3":"status-publish","4":"format-standard","5":"has-post-thumbnail","7":"category-aktualitet","8":"category-te-fundit","9":"tag-parlamenti-europian-miraton-me-290-vota-amendamentin-grek-per-lirimin-e-fredi-belerit"},"_links":{"self":[{"href":"https:\/\/jugulajm.net\/index.php?rest_route=\/wp\/v2\/posts\/62193","targetHints":{"allow":["GET"]}}],"collection":[{"href":"https:\/\/jugulajm.net\/index.php?rest_route=\/wp\/v2\/posts"}],"about":[{"href":"https:\/\/jugulajm.net\/index.php?rest_route=\/wp\/v2\/types\/post"}],"author":[{"embeddable":true,"href":"https:\/\/jugulajm.net\/index.php?rest_route=\/wp\/v2\/users\/5"}],"replies":[{"embeddable":true,"href":"https:\/\/jugulajm.net\/index.php?rest_route=%2Fwp%2Fv2%2Fcomments&post=62193"}],"version-history":[{"count":0,"href":"https:\/\/jugulajm.net\/index.php?rest_route=\/wp\/v2\/posts\/62193\/revisions"}],"wp:featuredmedia":[{"embeddable":true,"href":"https:\/\/jugulajm.net\/index.php?rest_route=\/wp\/v2\/media\/59039"}],"wp:attachment":[{"href":"https:\/\/jugulajm.net\/index.php?rest_route=%2Fwp%2Fv2%2Fmedia&parent=62193"}],"wp:term":[{"taxonomy":"category","embeddable":true,"href":"https:\/\/jugulajm.net\/index.php?rest_route=%2Fwp%2Fv2%2Fcategories&post=62193"},{"taxonomy":"post_tag","embeddable":true,"href":"https:\/\/jugulajm.net\/index.php?rest_route=%2Fwp%2Fv2%2Ftags&post=62193"}],"curies":[{"name":"wp","href":"https:\/\/api.w.org\/{rel}","templated":true}]}}