{"id":62181,"date":"2023-07-12T13:39:46","date_gmt":"2023-07-12T11:39:46","guid":{"rendered":"https:\/\/jugulajm.net\/?p=62181"},"modified":"2023-07-12T13:39:46","modified_gmt":"2023-07-12T11:39:46","slug":"video-policia-ankorohet-ne-sarande-asnje-tolerim-per-ata-qe-shkelin-perimentin-e-sigurise-ne-plazhe","status":"publish","type":"post","link":"https:\/\/jugulajm.net\/?p=62181","title":{"rendered":"VIDEO\/ Policia &#8220;ankorohet&#8221; n\u00eb Sarand\u00eb: Asnj\u00eb tolerim p\u00ebr ata q\u00eb shkelin perimentin e siguris\u00eb n\u00eb plazhe"},"content":{"rendered":"<p>Garantimi i rendit dhe siguris\u00eb gjat\u00eb sezonit turistik, nj\u00eb nd\u00ebr prioritetet kryesore t\u00eb pun\u00ebs s\u00eb Policis\u00eb s\u00eb Shtetit. Drejtuesit e Policis\u00eb s\u00eb Shtetit vijojn\u00eb inspektimin e masave t\u00eb nd\u00ebrmarra nga Drejtoria e P\u00ebrgjithshme e Policis\u00eb s\u00eb Shtetit, p\u00ebr mbar\u00ebvajtjen e sezonit turistik.<\/p>\n<p>Drejtori i Departamentit p\u00ebr Kufirin dhe Migracionin Drejtues i Lart\u00eb Saimir Boshnjaku, bashk\u00eb me Shefin e Komisariatit t\u00eb Policis\u00eb Sarand\u00eb Fadil Veli dhe Shefin e Komisariatit t\u00eb Policis\u00eb Kufitare Sarand\u00eb Gerald Toska, kan\u00eb par\u00eb nga af\u00ebr zbatimin e masave p\u00ebr garantimin e rendit dhe siguris\u00eb n\u00eb portin e Sarand\u00ebn dhe n\u00eb plazhin e Ksamilit.<\/p>\n<p>Boshnjaku ka thekuar se Policia e Shtetit \u00ebsht\u00eb mjaft e angazhuar dhe do t\u00eb vijoj\u00eb t\u00eb jet\u00eb e till\u00eb, gjat\u00eb gjith\u00eb sezonit turistik, me q\u00ebllim q\u00eb qytetar\u00ebt t\u00eb pushojn\u00eb t\u00eb qet\u00eb dhe t\u00eb sigurt\u00eb.<\/p>\n<p>Saimir Boshnjaku:<em>\u00a0\u201cJemi sot k\u00ebtu, n\u00eb portin e Sarand\u00ebs, s\u00eb bashku me 2 drejtuesit kryesor\u00eb t\u00eb Komisariatit t\u00eb Policis\u00eb Kufitare dhe t\u00eb Komisariatit t\u00eb Policis\u00eb Sarand\u00eb, p\u00ebr t\u00eb menaxhuar dhe p\u00ebr t\u00eb par\u00eb nga af\u00ebr masat p\u00ebr sezonin turistik. Policia e Shtetit \u00ebsht\u00eb shum\u00eb e angazhuar p\u00ebr mbar\u00ebvajtjen e k\u00ebtij sezoni turistik, qoft\u00eb n\u00eb det dhe n\u00eb tok\u00eb. Nga pjes\u00ebtar\u00ebt e t\u00eb dy komisariateve ka patur dhe ka nj\u00eb angazhim maksimal p\u00ebr rend, siguri, p\u00ebr t\u00eb ofruar nj\u00eb sh\u00ebrbim m\u00eb t\u00eb mir\u00eb ndaj qytetar\u00ebve dhe p\u00ebr t\u00eb qen\u00eb nj\u00eb shembull shum\u00eb pozitiv n\u00eb menaxhimin e k\u00ebtij sezoni. E gjith\u00eb kjo b\u00ebhet me kontributin e punonj\u00ebsve t\u00eb Policis\u00eb s\u00eb Shtetit, duke patur si synim kryesor ofrimin e siguris\u00eb, qoft\u00eb n\u00eb det dhe n\u00eb tok\u00eb. Ne falenderojm\u00eb t\u00eb gjith\u00eb qytetar\u00ebt, p\u00ebr angazhimin, p\u00ebr mir\u00ebkuptimin dhe p\u00ebr problematikat q\u00eb ata kan\u00eb ngritur pran\u00eb institucionit t\u00eb Policis\u00eb s\u00eb Shtetit, dhe do t\u00eb q\u00ebndrojm\u00eb \u00e7do dit\u00eb, s\u00eb bashku me ta, p\u00ebr t\u00eb ofruar k\u00ebt\u00eb rend dhe k\u00ebt\u00eb siguri\u201d.<\/em><\/p>\n<p>Fadil Veli:\u00a0<em>\u201cN\u00eb zbatim t\u00eb planit t\u00eb masave t\u00eb Drejtoris\u00eb s\u00eb P\u00ebrgjithshme t\u00eb Policis\u00eb s\u00eb Shtetit, Departamenti p\u00ebr Kufirin dhe Migracionin, Komisariati i Policis\u00eb Kufitare Sarand\u00eb ka marr\u00eb t\u00eb gjitha masat p\u00ebr garantimin e siguris\u00eb n\u00eb det. Jan\u00eb marr\u00eb t\u00eb gjitha masat edhe n\u00eb pikat e kalimit kufitar, n\u00eb hyrje-daljet e qytetar\u00ebve shqiptar\u00eb dhe t\u00eb huaj. Kemi marr\u00eb masa edhe n\u00eb kufirin jeshil, p\u00ebr parandalimin e trafiqeve t\u00eb paligjshme, ku risi k\u00ebt\u00eb vit \u00ebsht\u00eb bashk\u00ebpunimi me Frontex-in, n\u00eb t\u00eb gjith\u00eb sektorin q\u00eb mbulon Komisariati i Policis\u00eb Kufitare Sarand\u00eb. N\u00eb pikat e kalimit kufitar jan\u00eb shtuar postet e pun\u00ebs p\u00ebr fluksin gjat\u00eb sezonit turistik. Gjat\u00eb kontrollit t\u00eb ushtruar n\u00eb vij\u00ebn bregdetare, nga Borshi deri n\u00eb Ksamil, jan\u00eb nd\u00ebshkuar me masa administrative 25 p\u00ebrdorues t\u00eb mjeteve lundruese, p\u00ebr shkelje t\u00eb rregullave t\u00eb lundrimit n\u00eb det dhe p\u00ebr cenim t\u00eb siguris\u00eb s\u00eb pushuesve\u201d.<\/em><\/p>\n<p>Gerald Toska:\u00a0<em>\u201cSh\u00ebrbimet n\u00eb terren, n\u00eb \u00e7do koh\u00eb p\u00ebr t\u00eb garantuar rendin, sigurin\u00eb dhe qet\u00ebsin\u00eb e pushesve. Patrulla me bi\u00e7ikleta \u00ebsht\u00eb n\u00eb koordinim t\u00eb vazhduesh\u00ebm me Nj\u00ebsin\u00eb Detare. Nuk do t\u00eb ket\u00eb asnj\u00eb tolerim p\u00ebr individ\u00ebt q\u00eb shkelin perimetrin e siguris\u00eb, duke v\u00ebn\u00eb n\u00eb rrezik jet\u00ebn e pushuesve. Gjithashtu, nga Komisariati jan\u00eb marr\u00eb masa p\u00ebr parandalimin e ndotjes akustike. Me k\u00ebt\u00eb rast, dua t\u00eb fal\u00ebnderoj qyetar\u00ebt, p\u00ebr besimin q\u00eb kan\u00eb krijuar ndaj Policis\u00eb, p\u00ebr denoncimet, si p\u00ebr rastet e ndihm\u00ebs, ashtu edhe p\u00ebr denoncimet p\u00ebr shkeljet e ligjit\u201d.<\/em><\/p>\n<p>Inspektimi nga drejtuesit e lart\u00eb t\u00eb Policis\u00eb s\u00eb Shtetit, n\u00eb terren, p\u00ebr zbatimin e masave p\u00ebr sezonin turistik, do t\u00eb vijoj\u00eb p\u00ebrgjat\u00eb gjith\u00eb vij\u00ebs bregdetare dhe n\u00eb zonat turistike.<\/p>\n<div style=\"width: 626px;\" class=\"wp-video\"><!--[if lt IE 9]><script>document.createElement('video');<\/script><![endif]-->\n<video class=\"wp-video-shortcode\" id=\"video-62181-1\" width=\"626\" height=\"360\" preload=\"metadata\" controls=\"controls\"><source type=\"video\/mp4\" src=\"https:\/\/jugulajm.net\/wp-content\/uploads\/2023\/07\/Facebook-2.mp4?_=1\" \/><a href=\"https:\/\/jugulajm.net\/wp-content\/uploads\/2023\/07\/Facebook-2.mp4\">https:\/\/jugulajm.net\/wp-content\/uploads\/2023\/07\/Facebook-2.mp4<\/a><\/video><\/div>\n","protected":false},"excerpt":{"rendered":"<p>Garantimi i rendit dhe siguris\u00eb gjat\u00eb sezonit turistik, nj\u00eb nd\u00ebr prioritetet kryesore t\u00eb pun\u00ebs s\u00eb Policis\u00eb s\u00eb Shtetit. Drejtuesit e Policis\u00eb s\u00eb Shtetit vijojn\u00eb inspektimin e masave t\u00eb nd\u00ebrmarra nga Drejtoria e P\u00ebrgjithshme e Policis\u00eb s\u00eb Shtetit, p\u00ebr mbar\u00ebvajtjen e sezonit turistik. Drejtori i Departamentit p\u00ebr Kufirin dhe Migracionin Drejtues i Lart\u00eb Saimir Boshnjaku, bashk\u00eb [&hellip;]<\/p>\n","protected":false},"author":5,"featured_media":62182,"comment_status":"closed","ping_status":"closed","sticky":false,"template":"","format":"standard","meta":{"footnotes":""},"categories":[1,6332],"tags":[24810],"class_list":{"0":"post-62181","1":"post","2":"type-post","3":"status-publish","4":"format-standard","5":"has-post-thumbnail","7":"category-aktualitet","8":"category-te-fundit","9":"tag-video-policia-ankorohet-ne-sarande-asnje-tolerim-per-ata-qe-shkelin-perimentin-e-sigurise-ne-plazhe"},"_links":{"self":[{"href":"https:\/\/jugulajm.net\/index.php?rest_route=\/wp\/v2\/posts\/62181","targetHints":{"allow":["GET"]}}],"collection":[{"href":"https:\/\/jugulajm.net\/index.php?rest_route=\/wp\/v2\/posts"}],"about":[{"href":"https:\/\/jugulajm.net\/index.php?rest_route=\/wp\/v2\/types\/post"}],"author":[{"embeddable":true,"href":"https:\/\/jugulajm.net\/index.php?rest_route=\/wp\/v2\/users\/5"}],"replies":[{"embeddable":true,"href":"https:\/\/jugulajm.net\/index.php?rest_route=%2Fwp%2Fv2%2Fcomments&post=62181"}],"version-history":[{"count":0,"href":"https:\/\/jugulajm.net\/index.php?rest_route=\/wp\/v2\/posts\/62181\/revisions"}],"wp:featuredmedia":[{"embeddable":true,"href":"https:\/\/jugulajm.net\/index.php?rest_route=\/wp\/v2\/media\/62182"}],"wp:attachment":[{"href":"https:\/\/jugulajm.net\/index.php?rest_route=%2Fwp%2Fv2%2Fmedia&parent=62181"}],"wp:term":[{"taxonomy":"category","embeddable":true,"href":"https:\/\/jugulajm.net\/index.php?rest_route=%2Fwp%2Fv2%2Fcategories&post=62181"},{"taxonomy":"post_tag","embeddable":true,"href":"https:\/\/jugulajm.net\/index.php?rest_route=%2Fwp%2Fv2%2Ftags&post=62181"}],"curies":[{"name":"wp","href":"https:\/\/api.w.org\/{rel}","templated":true}]}}