{"id":62176,"date":"2023-07-12T12:56:26","date_gmt":"2023-07-12T10:56:26","guid":{"rendered":"https:\/\/jugulajm.net\/?p=62176"},"modified":"2023-07-12T12:58:00","modified_gmt":"2023-07-12T10:58:00","slug":"emri-denohet-me-burg-te-perjetshem-shqiptari-vrau-arkitektin-italian","status":"publish","type":"post","link":"https:\/\/jugulajm.net\/?p=62176","title":{"rendered":"EMRI\/ Shqiptari d\u00ebnohet me burgim t\u00eb p\u00ebrjetsh\u00ebm, vrau arkitektin italian"},"content":{"rendered":"<p>\u00cbsht\u00eb d\u00ebnuar me burg t\u00eb p\u00ebrjetsh\u00ebm shtetasi shqiptar Emirjon Margjini, pasi akuzohet p\u00ebr vrasjen e nj\u00eb arkitekti italin, ngjarje e ndodhur m\u00eb 9 qerhor 2021.<\/p>\n<p>Nd\u00ebrkoh\u00eb \u00ebsht\u00eb d\u00ebnuar me 16 vjet burg bashk\u00ebpuntori i tij shtetasi M\u00ebrgim Lazri.<\/p>\n<p><strong>Si ndodhi ngjarja? \u00c7far\u00eb shkruajn\u00eb mediat italiane<\/strong><\/p>\n<p><em>N\u00eb or\u00ebn 03:44 t\u00eb 9 Qershorit 2021, nj\u00eb britm\u00eb tronditi qet\u00ebsin\u00eb n\u00eb fushat e Piossasco (Torino): \u201cNdihm\u00eb, hajdut\u00ebt\u201d. Roberto Mottura dhe bashk\u00ebshortja Laura Mai ndodheshin n\u00eb dhom\u00ebn e gjumit, n\u00eb katin e dyt\u00eb t\u00eb vil\u00ebs s\u00eb tyre. Djali Tommaso, 13 vje\u00e7, flinte n\u00eb dhom\u00ebn ngjitur. Laura u ngrit dhe zbriti n\u00eb katin e par\u00eb. N\u00eb dhom\u00ebn e ndenjes pa dy meshkujt t\u00eb veshur me t\u00eb zeza. Gruaja vrapoi lart duke b\u00ebrtitur: \u201cKan\u00eb hyr\u00eb hajdut\u00ebt\u201d. Bashk\u00ebshorti vrapoi drejt sallonit dhe u p\u00ebrball me ta. Gjith\u00e7ka ndodhi n\u00eb pak minuta. Nj\u00eb e sht\u00ebn\u00eb u d\u00ebgjua. Mottura vdiq n\u00eb or\u00ebn 04:22, nd\u00ebrsa autor\u00ebt u larguan n\u00eb err\u00ebsir\u00eb.<\/em><\/p>\n<p><em>Dy vjet m\u00eb von\u00eb, gjykata e Torinos, dha d\u00ebnimin p\u00ebr dy personat n\u00eb fjal\u00eb. Burg p\u00ebrjet\u00eb p\u00ebr Emirjon Margjinin, personi i cili hapi zjarr dhe 16 vjet burg p\u00ebr bashk\u00ebpun\u00ebtorin e tij, M\u00ebrgim Lazrin. Prokuroria kishte k\u00ebrkuar burg p\u00ebrjet\u00eb p\u00ebr t\u00eb dy shqiptar\u00ebt. Por p\u00ebr gjykat\u00ebn Lazri nuk ishte brenda sht\u00ebpis\u00eb kur u q\u00ebllua me arm\u00eb zjarri, ndaj akuza e ngritur ndaj tij u rikualifikua.<\/em><\/p>\n","protected":false},"excerpt":{"rendered":"<p>\u00cbsht\u00eb d\u00ebnuar me burg t\u00eb p\u00ebrjetsh\u00ebm shtetasi shqiptar Emirjon Margjini, pasi akuzohet p\u00ebr vrasjen e nj\u00eb arkitekti italin, ngjarje e ndodhur m\u00eb 9 qerhor 2021. Nd\u00ebrkoh\u00eb \u00ebsht\u00eb d\u00ebnuar me 16 vjet burg bashk\u00ebpuntori i tij shtetasi M\u00ebrgim Lazri. Si ndodhi ngjarja? \u00c7far\u00eb shkruajn\u00eb mediat italiane N\u00eb or\u00ebn 03:44 t\u00eb 9 Qershorit 2021, nj\u00eb britm\u00eb tronditi [&hellip;]<\/p>\n","protected":false},"author":5,"featured_media":62177,"comment_status":"closed","ping_status":"closed","sticky":false,"template":"","format":"standard","meta":{"footnotes":""},"categories":[1,6332],"tags":[24809,24808],"class_list":{"0":"post-62176","1":"post","2":"type-post","3":"status-publish","4":"format-standard","5":"has-post-thumbnail","7":"category-aktualitet","8":"category-te-fundit","9":"tag-emri-shqiptari-denohet-me-burgim-te-perjetshem","10":"tag-vrau-arkitektin-italian"},"_links":{"self":[{"href":"https:\/\/jugulajm.net\/index.php?rest_route=\/wp\/v2\/posts\/62176","targetHints":{"allow":["GET"]}}],"collection":[{"href":"https:\/\/jugulajm.net\/index.php?rest_route=\/wp\/v2\/posts"}],"about":[{"href":"https:\/\/jugulajm.net\/index.php?rest_route=\/wp\/v2\/types\/post"}],"author":[{"embeddable":true,"href":"https:\/\/jugulajm.net\/index.php?rest_route=\/wp\/v2\/users\/5"}],"replies":[{"embeddable":true,"href":"https:\/\/jugulajm.net\/index.php?rest_route=%2Fwp%2Fv2%2Fcomments&post=62176"}],"version-history":[{"count":0,"href":"https:\/\/jugulajm.net\/index.php?rest_route=\/wp\/v2\/posts\/62176\/revisions"}],"wp:featuredmedia":[{"embeddable":true,"href":"https:\/\/jugulajm.net\/index.php?rest_route=\/wp\/v2\/media\/62177"}],"wp:attachment":[{"href":"https:\/\/jugulajm.net\/index.php?rest_route=%2Fwp%2Fv2%2Fmedia&parent=62176"}],"wp:term":[{"taxonomy":"category","embeddable":true,"href":"https:\/\/jugulajm.net\/index.php?rest_route=%2Fwp%2Fv2%2Fcategories&post=62176"},{"taxonomy":"post_tag","embeddable":true,"href":"https:\/\/jugulajm.net\/index.php?rest_route=%2Fwp%2Fv2%2Ftags&post=62176"}],"curies":[{"name":"wp","href":"https:\/\/api.w.org\/{rel}","templated":true}]}}