{"id":62143,"date":"2023-07-11T18:31:21","date_gmt":"2023-07-11T16:31:21","guid":{"rendered":"https:\/\/jugulajm.net\/?p=62143"},"modified":"2023-07-11T18:31:21","modified_gmt":"2023-07-11T16:31:21","slug":"mitsotakis-ultimatum-rames-zgjidheni-menjehere-ceshtjen-beleri","status":"publish","type":"post","link":"https:\/\/jugulajm.net\/?p=62143","title":{"rendered":"Mitsotakis ultimatum Ram\u00ebs: Zgjidheni menj\u00ebher\u00eb \u00e7\u00ebshtjen Beleri"},"content":{"rendered":"<p>\u00c7\u00ebshtja e<a href=\"https:\/\/www.protothema.gr\/politics\/article\/1391469\/vilnious-mitsotakis-se-rama-apeleutheroste-amesa-ton-beleri\/\">\u00a0Fredi Belerit\u00a0<\/a>\u00ebsht\u00eb ngritur urgjentisht nga kryeministri i Greqis\u00eb, Kyriakos Mitsotakis, me homologun e tij shqiptar, Edi Rama, gjat\u00eb takimit privat q\u00eb pat\u00ebn sot, n\u00eb hapjen e Samitit t\u00eb NATO-s, q\u00eb po mbahet n\u00eb Vilnius.<\/p>\n<p>Sipas mediave greke, kryeministri theksoi nevoj\u00ebn p\u00ebr zgjidhjen e menj\u00ebhershme t\u00eb \u00e7\u00ebshtjes, duke theksuar se n\u00eb Shqip\u00ebri ka nj\u00eb problem shteti ligjor.<\/p>\n<p>N\u00eb fund t\u00eb fundit, \u00e7\u00ebshtja e shtetit ligjor n\u00eb Shqip\u00ebri \u00ebsht\u00eb nj\u00eb nga kriteret e an\u00ebtar\u00ebsimit t\u00eb Shqip\u00ebris\u00eb n\u00eb BE.<\/p>\n<p>S\u00eb fundmi, nj\u00eb amendament i PPE shprehu \u201cshqet\u00ebsim t\u00eb thell\u00eb p\u00ebr arrestimin e kryetarit t\u00eb zgjedhur t\u00eb Bashkis\u00eb s\u00eb Heimarr\u00ebs Fredi Beleri n\u00eb prag t\u00eb zgjedhjeve bashkiake n\u00eb Shqip\u00ebri dhe vazhdimin e paraburgimit t\u00eb tij, i cili cenon prezumimin e pafaj\u00ebsis\u00eb dhe e ndalon t\u00eb marr\u00eb p\u00ebrsip\u00ebr detyrat e tij si kryetar bashkie i zgjedhur\u201d.<\/p>\n<p>Madje n\u00eb amendament theksohej se paraburgimi i tij \u201c\u00ebsht\u00eb absolutisht i lidhur me respektimin e t\u00eb drejtave themelore, me \u00e7\u00ebshtjen pron\u00ebsore t\u00eb minoritetit etnik grek n\u00eb Bashkin\u00eb Heimara dhe akuzat p\u00ebr shpron\u00ebsime t\u00eb paligjshme nga autoritetet shqiptare\u201d.<\/p>\n<p>Vlen t\u00eb theksohet se kryebashkiaku i zgjedhur Heimar\u00ebs ndodhet n\u00eb burg prej m\u00eb shum\u00eb se 50 dit\u00ebsh, ku denoncoi qeverin\u00eb Rama p\u00ebr \u201cregjim terrori\u201d dhe tentativ\u00eb p\u00ebr t\u00eb fshehur provat q\u00eb tregojn\u00eb sekuestrimin e pronave t\u00eb minoritetit etnik grek.<\/p>\n","protected":false},"excerpt":{"rendered":"<p>\u00c7\u00ebshtja e\u00a0Fredi Belerit\u00a0\u00ebsht\u00eb ngritur urgjentisht nga kryeministri i Greqis\u00eb, Kyriakos Mitsotakis, me homologun e tij shqiptar, Edi Rama, gjat\u00eb takimit privat q\u00eb pat\u00ebn sot, n\u00eb hapjen e Samitit t\u00eb NATO-s, q\u00eb po mbahet n\u00eb Vilnius. Sipas mediave greke, kryeministri theksoi nevoj\u00ebn p\u00ebr zgjidhjen e menj\u00ebhershme t\u00eb \u00e7\u00ebshtjes, duke theksuar se n\u00eb Shqip\u00ebri ka nj\u00eb problem [&hellip;]<\/p>\n","protected":false},"author":5,"featured_media":62144,"comment_status":"closed","ping_status":"closed","sticky":false,"template":"","format":"standard","meta":{"footnotes":""},"categories":[1,6332],"tags":[24791],"class_list":{"0":"post-62143","1":"post","2":"type-post","3":"status-publish","4":"format-standard","5":"has-post-thumbnail","7":"category-aktualitet","8":"category-te-fundit","9":"tag-mitsotakis-ultimatum-rames-zgjidheni-menjehere-ceshtjen-beleri"},"_links":{"self":[{"href":"https:\/\/jugulajm.net\/index.php?rest_route=\/wp\/v2\/posts\/62143","targetHints":{"allow":["GET"]}}],"collection":[{"href":"https:\/\/jugulajm.net\/index.php?rest_route=\/wp\/v2\/posts"}],"about":[{"href":"https:\/\/jugulajm.net\/index.php?rest_route=\/wp\/v2\/types\/post"}],"author":[{"embeddable":true,"href":"https:\/\/jugulajm.net\/index.php?rest_route=\/wp\/v2\/users\/5"}],"replies":[{"embeddable":true,"href":"https:\/\/jugulajm.net\/index.php?rest_route=%2Fwp%2Fv2%2Fcomments&post=62143"}],"version-history":[{"count":0,"href":"https:\/\/jugulajm.net\/index.php?rest_route=\/wp\/v2\/posts\/62143\/revisions"}],"wp:featuredmedia":[{"embeddable":true,"href":"https:\/\/jugulajm.net\/index.php?rest_route=\/wp\/v2\/media\/62144"}],"wp:attachment":[{"href":"https:\/\/jugulajm.net\/index.php?rest_route=%2Fwp%2Fv2%2Fmedia&parent=62143"}],"wp:term":[{"taxonomy":"category","embeddable":true,"href":"https:\/\/jugulajm.net\/index.php?rest_route=%2Fwp%2Fv2%2Fcategories&post=62143"},{"taxonomy":"post_tag","embeddable":true,"href":"https:\/\/jugulajm.net\/index.php?rest_route=%2Fwp%2Fv2%2Ftags&post=62143"}],"curies":[{"name":"wp","href":"https:\/\/api.w.org\/{rel}","templated":true}]}}