{"id":62082,"date":"2023-07-10T13:10:08","date_gmt":"2023-07-10T11:10:08","guid":{"rendered":"https:\/\/jugulajm.net\/?p=62082"},"modified":"2023-07-10T13:10:08","modified_gmt":"2023-07-10T11:10:08","slug":"emrat-klp-emeron-26-prokurore-te-rinj-ne-gjirokaster-sarande-fier-korce-vlore-elbasan-berat-lezhe-durres","status":"publish","type":"post","link":"https:\/\/jugulajm.net\/?p=62082","title":{"rendered":"EMRAT\/ KLP em\u00ebron 26 prokuror\u00eb t\u00eb rinj n\u00eb Gjirokast\u00ebr, Sarand\u00eb, Fier, Kor\u00e7\u00ea, Vlor\u00eb, Elbasan, Berat, Lezh\u00eb, Durr\u00ebs"},"content":{"rendered":"<p>K\u00ebshilli i Lart\u00eb i Prokuroris\u00eb zhvilloi sot mbledhjen plenare t\u00eb radh\u00ebs n\u00eb prani t\u00eb 9 an\u00ebtar\u00ebve t\u00eb K\u00ebshillit, si dhe n\u00eb prani t\u00eb p\u00ebrfaq\u00ebsuesve t\u00eb medias.<\/p>\n<p>Mes vendimeve t\u00eb marra gjat\u00eb mbledhjes s\u00eb sotme jan\u00eb edhe 26 vendime p\u00ebr caktimin n\u00eb detyr\u00ebn e prokurorit t\u00eb magjistrat\u00ebve t\u00eb rinj.<\/p>\n<p><strong>Emrat e prokuror\u00ebve t\u00eb rinj<\/strong><\/p>\n<p>Xhejnsila Hako Prokuroria Durr\u00ebs<\/p>\n<p>Ermira Prifti \u00a0\u00a0\u00a0\u00a0\u00a0\u00a0 Prokuroria Kor\u00e7\u00eb<\/p>\n<p>Glenda Zeneli \u00a0\u00a0\u00a0 Prokuroria Elbasan<\/p>\n<p>Lorena Salillari \u00a0 Prokuroria Fier<\/p>\n<p>Julinda Gjika \u00a0\u00a0\u00a0\u00a0\u00a0 Prokuroria Vlor\u00eb<\/p>\n<p>Olsi Vasiu \u00a0\u00a0\u00a0\u00a0\u00a0\u00a0\u00a0\u00a0\u00a0\u00a0\u00a0 Prokuroria Vlor\u00eb<\/p>\n<p>Oliana Gjergjefi Prokuroria Fier<\/p>\n<p>Elona Gixhari\u00a0\u00a0\u00a0\u00a0\u00a0 Prokuroria Fier<\/p>\n<p>Jonida Allushi\u00a0\u00a0\u00a0\u00a0 Prokuroria Fier<\/p>\n<p>Ervis Alliaj \u00a0\u00a0\u00a0\u00a0\u00a0\u00a0\u00a0\u00a0\u00a0\u00a0 Prokuroria Fier<\/p>\n<p>Erjon Murataj \u00a0\u00a0 Prokuroria Vlor\u00eb<\/p>\n<p>Irena Sufaj \u00a0\u00a0\u00a0\u00a0\u00a0\u00a0\u00a0\u00a0\u00a0 Prokuroria Lezh\u00eb<\/p>\n<p>Edmond Vorfi \u00a0\u00a0 Prokuroria Vlor\u00eb<\/p>\n<p>Aida Yzeiraj \u00a0\u00a0\u00a0\u00a0\u00a0\u00a0\u00a0 Prokuroria Berat<\/p>\n<p>Malvina P\u00ebllumbi Prokuroria Berat<\/p>\n<p>Nertila Bregu\u00a0\u00a0\u00a0\u00a0 Prokuroria Lezh\u00eb<\/p>\n<p>Denisa Perdja\u00a0\u00a0\u00a0 Prokuroria Berat<\/p>\n<p>Valbona Maja \u00a0\u00a0 Prokuroria Sarand\u00eb<\/p>\n<p>Artenida Toska\u00a0 \u00a0Prokuroria Kor\u00e7\u00eb<\/p>\n<p>Anjeza Kalanxhi\u00a0 \u00a0 Prokuroria Kor\u00e7\u00eb<\/p>\n<p>Drini Zeqo \u00a0\u00a0\u00a0\u00a0\u00a0\u00a0\u00a0\u00a0\u00a0 Prokuroria Dib\u00ebr<\/p>\n<p>Silvana Belishta\u00a0 \u00a0Prokuroria Sarand\u00eb<\/p>\n<p>Bledar Bala \u00a0\u00a0\u00a0\u00a0\u00a0\u00a0\u00a0 Prokuroria Gjirokast\u00ebr<\/p>\n<p>Maringlen Meta\u00a0 \u00a0 Prokuroria Gjirokast\u00ebr<\/p>\n<p>Besjana Sadikaj\u00a0 \u00a0Prokuroria Sarand\u00eb<\/p>\n<p>Nertila Miftaraj\u00a0 \u00a0Prokuroria Gjirokast\u00ebr<\/p>\n","protected":false},"excerpt":{"rendered":"<p>K\u00ebshilli i Lart\u00eb i Prokuroris\u00eb zhvilloi sot mbledhjen plenare t\u00eb radh\u00ebs n\u00eb prani t\u00eb 9 an\u00ebtar\u00ebve t\u00eb K\u00ebshillit, si dhe n\u00eb prani t\u00eb p\u00ebrfaq\u00ebsuesve t\u00eb medias. Mes vendimeve t\u00eb marra gjat\u00eb mbledhjes s\u00eb sotme jan\u00eb edhe 26 vendime p\u00ebr caktimin n\u00eb detyr\u00ebn e prokurorit t\u00eb magjistrat\u00ebve t\u00eb rinj. Emrat e prokuror\u00ebve t\u00eb rinj Xhejnsila Hako [&hellip;]<\/p>\n","protected":false},"author":5,"featured_media":55673,"comment_status":"closed","ping_status":"closed","sticky":false,"template":"","format":"standard","meta":{"footnotes":""},"categories":[1,6332],"tags":[24758,24760,24757,24753,24754,24755,24759,20523,24756],"class_list":{"0":"post-62082","1":"post","2":"type-post","3":"status-publish","4":"format-standard","5":"has-post-thumbnail","7":"category-aktualitet","8":"category-te-fundit","9":"tag-berat","10":"tag-durres","11":"tag-elbasan","12":"tag-emrat-klp-emeron-26-prokurore-te-rinj-ne-gjirokaster","13":"tag-fier","14":"tag-korce","15":"tag-lezhe","16":"tag-sarande","17":"tag-vlore"},"_links":{"self":[{"href":"https:\/\/jugulajm.net\/index.php?rest_route=\/wp\/v2\/posts\/62082","targetHints":{"allow":["GET"]}}],"collection":[{"href":"https:\/\/jugulajm.net\/index.php?rest_route=\/wp\/v2\/posts"}],"about":[{"href":"https:\/\/jugulajm.net\/index.php?rest_route=\/wp\/v2\/types\/post"}],"author":[{"embeddable":true,"href":"https:\/\/jugulajm.net\/index.php?rest_route=\/wp\/v2\/users\/5"}],"replies":[{"embeddable":true,"href":"https:\/\/jugulajm.net\/index.php?rest_route=%2Fwp%2Fv2%2Fcomments&post=62082"}],"version-history":[{"count":0,"href":"https:\/\/jugulajm.net\/index.php?rest_route=\/wp\/v2\/posts\/62082\/revisions"}],"wp:featuredmedia":[{"embeddable":true,"href":"https:\/\/jugulajm.net\/index.php?rest_route=\/wp\/v2\/media\/55673"}],"wp:attachment":[{"href":"https:\/\/jugulajm.net\/index.php?rest_route=%2Fwp%2Fv2%2Fmedia&parent=62082"}],"wp:term":[{"taxonomy":"category","embeddable":true,"href":"https:\/\/jugulajm.net\/index.php?rest_route=%2Fwp%2Fv2%2Fcategories&post=62082"},{"taxonomy":"post_tag","embeddable":true,"href":"https:\/\/jugulajm.net\/index.php?rest_route=%2Fwp%2Fv2%2Ftags&post=62082"}],"curies":[{"name":"wp","href":"https:\/\/api.w.org\/{rel}","templated":true}]}}