{"id":62020,"date":"2023-07-09T14:22:58","date_gmt":"2023-07-09T12:22:58","guid":{"rendered":"https:\/\/jugulajm.net\/?p=62020"},"modified":"2023-07-09T14:22:58","modified_gmt":"2023-07-09T12:22:58","slug":"lajm-i-fundit-tmerr-mbytet-55-vjecari-me-2-djemte-e-tij-ne-det","status":"publish","type":"post","link":"https:\/\/jugulajm.net\/?p=62020","title":{"rendered":"LAJM I FUNDIT\/ Tmerr, mbytet 55-vje\u00e7ari me 2 djemt\u00eb e tij n\u00eb det"},"content":{"rendered":"<p>Tragjedi e r\u00ebnd\u00eb ka ndodhur n\u00eb zon\u00ebn e Vil\u00eb-Bashtov\u00ebs n\u00eb Kavaj\u00eb.<\/p>\n<p>Tre shqiptar\u00eb nga Kosova kan\u00eb humbur jet\u00ebn n\u00eb det.<\/p>\n<p>Deri m\u00eb tani m\u00ebsohet se jan\u00eb nxjerr\u00eb t\u00eb nj\u00eb 55-vje\u00e7ar dhe dy t\u00eb mitur, nj\u00ebri 13 e tjetri 15 vje\u00e7, p\u00ebrkat\u00ebsisht babai dhe dy djemt\u00eb e tij.<\/p>\n<p>Trupat e pajet\u00eb i ka nxjerr\u00eb nga uji pronari i nj\u00eb prej lokaleve n\u00eb k\u00ebt\u00eb zon\u00eb.<\/p>\n<p>Shkak i k\u00ebsaj ngjarje t\u00eb r\u00ebnd\u00eb dyshohet se jan\u00eb dallg\u00ebt e m\u00ebdha.<\/p>\n<p><strong>Informacion paraprak<\/strong><\/p>\n<p><em>M\u00eb dat\u00eb 09.07.2023, n\u00eb plazhin Vil\u00eb-Boshtov\u00eb, duke notuar n\u00eb det jan\u00eb mbytur tre shtetas kosovar\u00eb, pjestar\u00eb t\u00eb s\u00eb nj\u00ebjt\u00ebs familje (babai\u00a0 rreth 55 vje\u00e7, dhe dy djemt\u00eb e tij t\u00eb mitur rreth 13 dhe 15 vje\u00e7).<\/em><\/p>\n<p><em>Sh\u00ebrbimet e Nj\u00ebsis\u00eb Policore Detare kan\u00eb nd\u00ebrhyr\u00eb p\u00ebr ti shp\u00ebtuar por\u00a0 t\u00eb tre shtetasit kishin nd\u00ebrruar jet\u00eb si pasoj\u00eb e rrymave detare.<\/em><\/p>\n<p><em>N\u00eb vendngjarje ndodhet grupi hetimor dhe po punon p\u00ebr sqarimin e plot\u00eb t\u00eb rrethanave t\u00eb ngjarjes.<\/em><\/p>\n","protected":false},"excerpt":{"rendered":"<p>Tragjedi e r\u00ebnd\u00eb ka ndodhur n\u00eb zon\u00ebn e Vil\u00eb-Bashtov\u00ebs n\u00eb Kavaj\u00eb. Tre shqiptar\u00eb nga Kosova kan\u00eb humbur jet\u00ebn n\u00eb det. Deri m\u00eb tani m\u00ebsohet se jan\u00eb nxjerr\u00eb t\u00eb nj\u00eb 55-vje\u00e7ar dhe dy t\u00eb mitur, nj\u00ebri 13 e tjetri 15 vje\u00e7, p\u00ebrkat\u00ebsisht babai dhe dy djemt\u00eb e tij. Trupat e pajet\u00eb i ka nxjerr\u00eb nga uji [&hellip;]<\/p>\n","protected":false},"author":5,"featured_media":51900,"comment_status":"closed","ping_status":"closed","sticky":false,"template":"","format":"standard","meta":{"footnotes":""},"categories":[1,6332],"tags":[24724,24725],"class_list":{"0":"post-62020","1":"post","2":"type-post","3":"status-publish","4":"format-standard","5":"has-post-thumbnail","7":"category-aktualitet","8":"category-te-fundit","9":"tag-lajm-i-fundit-tmerr","10":"tag-mbytet-55-vjecari-me-2-djemte-e-tij-ne-det"},"_links":{"self":[{"href":"https:\/\/jugulajm.net\/index.php?rest_route=\/wp\/v2\/posts\/62020","targetHints":{"allow":["GET"]}}],"collection":[{"href":"https:\/\/jugulajm.net\/index.php?rest_route=\/wp\/v2\/posts"}],"about":[{"href":"https:\/\/jugulajm.net\/index.php?rest_route=\/wp\/v2\/types\/post"}],"author":[{"embeddable":true,"href":"https:\/\/jugulajm.net\/index.php?rest_route=\/wp\/v2\/users\/5"}],"replies":[{"embeddable":true,"href":"https:\/\/jugulajm.net\/index.php?rest_route=%2Fwp%2Fv2%2Fcomments&post=62020"}],"version-history":[{"count":0,"href":"https:\/\/jugulajm.net\/index.php?rest_route=\/wp\/v2\/posts\/62020\/revisions"}],"wp:featuredmedia":[{"embeddable":true,"href":"https:\/\/jugulajm.net\/index.php?rest_route=\/wp\/v2\/media\/51900"}],"wp:attachment":[{"href":"https:\/\/jugulajm.net\/index.php?rest_route=%2Fwp%2Fv2%2Fmedia&parent=62020"}],"wp:term":[{"taxonomy":"category","embeddable":true,"href":"https:\/\/jugulajm.net\/index.php?rest_route=%2Fwp%2Fv2%2Fcategories&post=62020"},{"taxonomy":"post_tag","embeddable":true,"href":"https:\/\/jugulajm.net\/index.php?rest_route=%2Fwp%2Fv2%2Ftags&post=62020"}],"curies":[{"name":"wp","href":"https:\/\/api.w.org\/{rel}","templated":true}]}}