{"id":62013,"date":"2023-07-09T12:57:32","date_gmt":"2023-07-09T10:57:32","guid":{"rendered":"https:\/\/jugulajm.net\/?p=62013"},"modified":"2023-07-09T12:57:32","modified_gmt":"2023-07-09T10:57:32","slug":"bashkia-e-pogradecit-ofron-plazh-publik-falas-per-personat-pak","status":"publish","type":"post","link":"https:\/\/jugulajm.net\/?p=62013","title":{"rendered":"Bashkia e Pogradecit ofron plazh publik falas p\u00ebr personat PAK"},"content":{"rendered":"<p>Bashkia e Pogradecit ka menduar k\u00ebt\u00eb vit q\u00eb t\u00eb garantoj\u00eb hapsirat dhe aksesin edhe p\u00ebr grupet shoq\u00ebrore n\u00eb nevoj\u00eb si\u00e7 jan\u00eb Personat me Aft\u00ebsi t\u00eb Kufizuara.<\/p>\n<p>N\u00eb hyrje t\u00eb plazhit t\u00eb r\u00ebr\u00ebs \u00ebsht\u00eb nd\u00ebrtuar nj\u00eb pedan\u00eb druri e cila iu b\u00ebn t\u00eb mundur aksesin deri n\u00eb brend\u00ebsi t\u00eb ujit t\u00eb liqenit.<\/p>\n<figure class=\"wp-block-image size-large\"><img loading=\"lazy\" loading=\"lazy\" decoding=\"async\" class=\"wp-image-10317\" src=\"https:\/\/kolibri.al\/wp-content\/uploads\/2023\/07\/IMG-20230707-WA0013-1024x768.jpg\" sizes=\"auto, (max-width: 1024px) 100vw, 1024px\" srcset=\"https:\/\/kolibri.al\/wp-content\/uploads\/2023\/07\/IMG-20230707-WA0013-1024x768.jpg 1024w, https:\/\/kolibri.al\/wp-content\/uploads\/2023\/07\/IMG-20230707-WA0013-300x225.jpg 300w, https:\/\/kolibri.al\/wp-content\/uploads\/2023\/07\/IMG-20230707-WA0013-768x576.jpg 768w, https:\/\/kolibri.al\/wp-content\/uploads\/2023\/07\/IMG-20230707-WA0013-1536x1152.jpg 1536w, https:\/\/kolibri.al\/wp-content\/uploads\/2023\/07\/IMG-20230707-WA0013-150x113.jpg 150w, https:\/\/kolibri.al\/wp-content\/uploads\/2023\/07\/IMG-20230707-WA0013-450x338.jpg 450w, https:\/\/kolibri.al\/wp-content\/uploads\/2023\/07\/IMG-20230707-WA0013-1200x900.jpg 1200w, https:\/\/kolibri.al\/wp-content\/uploads\/2023\/07\/IMG-20230707-WA0013.jpg 1600w\" alt=\"\" width=\"1024\" height=\"768\" \/><\/figure>\n<p>Krahas pedan\u00ebs jan\u00eb vendosur edhe \u00e7adra me logon e PAK n\u00eb m\u00ebnyr\u00eb q\u00eb qytetar\u00ebt e tjer\u00eb t\u00eb mos q\u00ebndrojn\u00eb aty.<\/p>\n<p>Sipas Xhakollit kjo \u00ebsht\u00eb nj\u00eb risi e cila tregon v\u00ebmendjen e shtuar q\u00eb Bashkia q\u00eb ai drejton ka p\u00ebr kategori t\u00eb ndryshme shoq\u00ebrore.<\/p>\n<figure class=\"wp-block-image size-large\"><img loading=\"lazy\" loading=\"lazy\" decoding=\"async\" class=\"wp-image-10318\" src=\"https:\/\/kolibri.al\/wp-content\/uploads\/2023\/07\/IMG-20230707-WA0014-1024x768.jpg\" sizes=\"auto, (max-width: 1024px) 100vw, 1024px\" srcset=\"https:\/\/kolibri.al\/wp-content\/uploads\/2023\/07\/IMG-20230707-WA0014-1024x768.jpg 1024w, https:\/\/kolibri.al\/wp-content\/uploads\/2023\/07\/IMG-20230707-WA0014-300x225.jpg 300w, https:\/\/kolibri.al\/wp-content\/uploads\/2023\/07\/IMG-20230707-WA0014-768x576.jpg 768w, https:\/\/kolibri.al\/wp-content\/uploads\/2023\/07\/IMG-20230707-WA0014-1536x1152.jpg 1536w, https:\/\/kolibri.al\/wp-content\/uploads\/2023\/07\/IMG-20230707-WA0014-150x113.jpg 150w, https:\/\/kolibri.al\/wp-content\/uploads\/2023\/07\/IMG-20230707-WA0014-450x338.jpg 450w, https:\/\/kolibri.al\/wp-content\/uploads\/2023\/07\/IMG-20230707-WA0014-1200x900.jpg 1200w, https:\/\/kolibri.al\/wp-content\/uploads\/2023\/07\/IMG-20230707-WA0014.jpg 1600w\" alt=\"\" width=\"1024\" height=\"768\" \/><\/figure>\n<p>Postimi i bashkis\u00eb n\u00eb FB<\/p>\n<p>Mir\u00ebm\u00ebngjes\u2600\ufe0fKjo \u00ebsht\u00eb hapsira publike e krijuar posa\u00e7\u00ebrisht p\u00ebr personat me aft\u00ebsi t\u00eb kufizara\u267f\ufe0f\u00a0n\u00eb plazhin e Pogradecit. Kemi nd\u00ebrtuar pedan\u00ebn, fal\u00eb t\u00eb cil\u00ebs kemi mund\u00ebsuar aksesin p\u00ebr t\u00eb k\u00ebt\u00eb kategori shoq\u00ebrore q\u00eb t\u00eb freskohen n\u00eb ujin e liqenit. Ashtu si p\u00ebr \u00e7do hapsir\u00eb publike kemi vendosur \u00e7adrat falas, nd\u00ebrsa n\u00eb k\u00ebt\u00eb zon\u00eb me logon p\u00ebrkat\u00ebse p\u00ebr personat PAK.\u00a0\ud83c\udfd6Pushime t\u00eb mbara dhe rezervoni Pogradecin.<\/p>\n","protected":false},"excerpt":{"rendered":"<p>Bashkia e Pogradecit ka menduar k\u00ebt\u00eb vit q\u00eb t\u00eb garantoj\u00eb hapsirat dhe aksesin edhe p\u00ebr grupet shoq\u00ebrore n\u00eb nevoj\u00eb si\u00e7 jan\u00eb Personat me Aft\u00ebsi t\u00eb Kufizuara. N\u00eb hyrje t\u00eb plazhit t\u00eb r\u00ebr\u00ebs \u00ebsht\u00eb nd\u00ebrtuar nj\u00eb pedan\u00eb druri e cila iu b\u00ebn t\u00eb mundur aksesin deri n\u00eb brend\u00ebsi t\u00eb ujit t\u00eb liqenit. Krahas pedan\u00ebs jan\u00eb vendosur [&hellip;]<\/p>\n","protected":false},"author":5,"featured_media":62014,"comment_status":"closed","ping_status":"closed","sticky":false,"template":"","format":"standard","meta":{"footnotes":""},"categories":[1,6332],"tags":[24722],"class_list":{"0":"post-62013","1":"post","2":"type-post","3":"status-publish","4":"format-standard","5":"has-post-thumbnail","7":"category-aktualitet","8":"category-te-fundit","9":"tag-bashkia-e-pogradecit-ofron-plazh-publik-falas-per-personat-pak"},"_links":{"self":[{"href":"https:\/\/jugulajm.net\/index.php?rest_route=\/wp\/v2\/posts\/62013","targetHints":{"allow":["GET"]}}],"collection":[{"href":"https:\/\/jugulajm.net\/index.php?rest_route=\/wp\/v2\/posts"}],"about":[{"href":"https:\/\/jugulajm.net\/index.php?rest_route=\/wp\/v2\/types\/post"}],"author":[{"embeddable":true,"href":"https:\/\/jugulajm.net\/index.php?rest_route=\/wp\/v2\/users\/5"}],"replies":[{"embeddable":true,"href":"https:\/\/jugulajm.net\/index.php?rest_route=%2Fwp%2Fv2%2Fcomments&post=62013"}],"version-history":[{"count":0,"href":"https:\/\/jugulajm.net\/index.php?rest_route=\/wp\/v2\/posts\/62013\/revisions"}],"wp:featuredmedia":[{"embeddable":true,"href":"https:\/\/jugulajm.net\/index.php?rest_route=\/wp\/v2\/media\/62014"}],"wp:attachment":[{"href":"https:\/\/jugulajm.net\/index.php?rest_route=%2Fwp%2Fv2%2Fmedia&parent=62013"}],"wp:term":[{"taxonomy":"category","embeddable":true,"href":"https:\/\/jugulajm.net\/index.php?rest_route=%2Fwp%2Fv2%2Fcategories&post=62013"},{"taxonomy":"post_tag","embeddable":true,"href":"https:\/\/jugulajm.net\/index.php?rest_route=%2Fwp%2Fv2%2Ftags&post=62013"}],"curies":[{"name":"wp","href":"https:\/\/api.w.org\/{rel}","templated":true}]}}