{"id":61988,"date":"2023-07-08T21:53:22","date_gmt":"2023-07-08T19:53:22","guid":{"rendered":"https:\/\/jugulajm.net\/?p=61988"},"modified":"2023-07-08T21:54:16","modified_gmt":"2023-07-08T19:54:16","slug":"u-shkarkua-sot-nga-rama-reagon-cuci-falenderoj-kryeministrin-rama-qe","status":"publish","type":"post","link":"https:\/\/jugulajm.net\/?p=61988","title":{"rendered":"U shkarkua sot nga Rama, reagon \u00c7u\u00e7i: Falenderoj kryeministrin Rama, q\u00eb&#8230;"},"content":{"rendered":"<p>Ministri i Brendsh\u00ebm n\u00eb detyr\u00eb, Bledi \u00c7u\u00e7i, reagoi sonte p\u00ebr shkarkimin, q\u00eb kryeministri i b\u00ebri m\u00eb her\u00ebt gjat\u00eb pasdites.<\/p>\n<p><strong>Ja reagimi i tij:<\/strong><\/p>\n<p>Falenderoj kryeministrin Rama p\u00ebr besimin dhe mb\u00ebshtetjen q\u00eb m\u00eb ka dh\u00ebn\u00eb k\u00ebto dy vite e gjysm\u00eb n\u00eb detyr\u00ebn e v\u00ebshtir\u00eb t\u00eb Ministrit t\u00eb Brendsh\u00ebm. P\u00ebr mua ka qen\u00eb nder dhe p\u00ebrgjegj\u00ebsi e madhe t\u00eb ushtroja k\u00ebt\u00eb funksion t\u00eb lart\u00eb publik dhe shum\u00eb t\u00eb r\u00ebnd\u00ebsish\u00ebm.<\/p>\n<p>Prej dit\u00ebs s\u00eb par\u00eb kur e mora at\u00eb detyr\u00eb e deri m\u00eb sot kam punuar e sh\u00ebrbyer me integritet dhe bashk\u00eb me skuadr\u00ebn e Ministris\u00eb s\u00eb Brendshme kemi adresuar shum\u00eb sfida q\u00eb lidhen me sigurin\u00eb, rendin publik, emigracionin, gjendjen civile dhe pushtetin vendor.<\/p>\n<p>Nj\u00eb fal\u00ebnderim i ve\u00e7ant\u00eb shkon p\u00ebr t\u00eb gjith\u00eb ata q\u00eb ishin krah meje n\u00eb k\u00ebt\u00eb rrug\u00ebtim sfidues.<\/p>\n<p>Suksese Taulantit n\u00eb sfiden e re, p\u00ebr t\u00eb vijuar me reformat transformuese n\u00eb k\u00ebt\u00eb ministri e ve\u00e7an\u00ebrisht n\u00eb Policin\u00eb e Shtetit.<\/p>\n","protected":false},"excerpt":{"rendered":"<p>Ministri i Brendsh\u00ebm n\u00eb detyr\u00eb, Bledi \u00c7u\u00e7i, reagoi sonte p\u00ebr shkarkimin, q\u00eb kryeministri i b\u00ebri m\u00eb her\u00ebt gjat\u00eb pasdites. Ja reagimi i tij: Falenderoj kryeministrin Rama p\u00ebr besimin dhe mb\u00ebshtetjen q\u00eb m\u00eb ka dh\u00ebn\u00eb k\u00ebto dy vite e gjysm\u00eb n\u00eb detyr\u00ebn e v\u00ebshtir\u00eb t\u00eb Ministrit t\u00eb Brendsh\u00ebm. P\u00ebr mua ka qen\u00eb nder dhe p\u00ebrgjegj\u00ebsi e [&hellip;]<\/p>\n","protected":false},"author":5,"featured_media":61920,"comment_status":"closed","ping_status":"closed","sticky":false,"template":"","format":"standard","meta":{"footnotes":""},"categories":[1,6332],"tags":[23809,24711,24710],"class_list":{"0":"post-61988","1":"post","2":"type-post","3":"status-publish","4":"format-standard","5":"has-post-thumbnail","7":"category-aktualitet","8":"category-te-fundit","9":"tag-qe","10":"tag-reagon-cuci-falenderoj-kryeministrin-rama","11":"tag-u-shkarkua-sot-nga-rama"},"_links":{"self":[{"href":"https:\/\/jugulajm.net\/index.php?rest_route=\/wp\/v2\/posts\/61988","targetHints":{"allow":["GET"]}}],"collection":[{"href":"https:\/\/jugulajm.net\/index.php?rest_route=\/wp\/v2\/posts"}],"about":[{"href":"https:\/\/jugulajm.net\/index.php?rest_route=\/wp\/v2\/types\/post"}],"author":[{"embeddable":true,"href":"https:\/\/jugulajm.net\/index.php?rest_route=\/wp\/v2\/users\/5"}],"replies":[{"embeddable":true,"href":"https:\/\/jugulajm.net\/index.php?rest_route=%2Fwp%2Fv2%2Fcomments&post=61988"}],"version-history":[{"count":0,"href":"https:\/\/jugulajm.net\/index.php?rest_route=\/wp\/v2\/posts\/61988\/revisions"}],"wp:featuredmedia":[{"embeddable":true,"href":"https:\/\/jugulajm.net\/index.php?rest_route=\/wp\/v2\/media\/61920"}],"wp:attachment":[{"href":"https:\/\/jugulajm.net\/index.php?rest_route=%2Fwp%2Fv2%2Fmedia&parent=61988"}],"wp:term":[{"taxonomy":"category","embeddable":true,"href":"https:\/\/jugulajm.net\/index.php?rest_route=%2Fwp%2Fv2%2Fcategories&post=61988"},{"taxonomy":"post_tag","embeddable":true,"href":"https:\/\/jugulajm.net\/index.php?rest_route=%2Fwp%2Fv2%2Ftags&post=61988"}],"curies":[{"name":"wp","href":"https:\/\/api.w.org\/{rel}","templated":true}]}}