{"id":61983,"date":"2023-07-08T20:05:00","date_gmt":"2023-07-08T18:05:00","guid":{"rendered":"https:\/\/jugulajm.net\/?p=61983"},"modified":"2023-07-08T20:05:00","modified_gmt":"2023-07-08T18:05:00","slug":"lajm-i-fundit-rama-propozon-taulant-ballen-minister-te-brendshem","status":"publish","type":"post","link":"https:\/\/jugulajm.net\/?p=61983","title":{"rendered":"LAJM I FUNDIT\/ Rama propozon Taulant Ball\u00ebn Minist\u00ebr t\u00eb Brendsh\u00ebm"},"content":{"rendered":"<p>Pas ngjarjeve t\u00eb fundit n\u00eb vend, Edi Rama prozon Taulant Ball\u00ebn p\u00ebr Minist\u00ebr t\u00eb Brendsh\u00ebm. Njoftimin e ka b\u00ebr\u00eb vet\u00eb Rama n\u00eb Twitter.<\/p>\n<p>&#8221;T\u00eb h\u00ebn\u00ebn do t\u2019i dor\u00ebzoj zyrtarisht Presidentit t\u00eb\u00a0 Republik\u00ebs propozimet e m\u00ebposhtme! Falenderoj ministrin Bledi \u00c7u\u00e7i p\u00ebr pun\u00ebn e tij edhe n\u00eb k\u00ebt\u00eb detyr\u00eb dhe uroj q\u00eb ministri i ri i Pun\u00ebve t\u00eb Brendshme Taulant Balla, t\u00eb \u00e7oj\u00eb m\u00eb tej p\u00ebrpjekjen ton\u00eb t\u00eb pal\u00ebkundur shtetnd\u00ebrtuese n\u00eb \u00e7do drejtim&#8221;, shkruan Rama.<\/p>\n","protected":false},"excerpt":{"rendered":"<p>Pas ngjarjeve t\u00eb fundit n\u00eb vend, Edi Rama prozon Taulant Ball\u00ebn p\u00ebr Minist\u00ebr t\u00eb Brendsh\u00ebm. Njoftimin e ka b\u00ebr\u00eb vet\u00eb Rama n\u00eb Twitter. &#8221;T\u00eb h\u00ebn\u00ebn do t\u2019i dor\u00ebzoj zyrtarisht Presidentit t\u00eb\u00a0 Republik\u00ebs propozimet e m\u00ebposhtme! Falenderoj ministrin Bledi \u00c7u\u00e7i p\u00ebr pun\u00ebn e tij edhe n\u00eb k\u00ebt\u00eb detyr\u00eb dhe uroj q\u00eb ministri i ri i Pun\u00ebve [&hellip;]<\/p>\n","protected":false},"author":5,"featured_media":61984,"comment_status":"closed","ping_status":"closed","sticky":false,"template":"","format":"standard","meta":{"footnotes":""},"categories":[1,6332],"tags":[24708],"class_list":{"0":"post-61983","1":"post","2":"type-post","3":"status-publish","4":"format-standard","5":"has-post-thumbnail","7":"category-aktualitet","8":"category-te-fundit","9":"tag-lajm-i-fundit-rama-propozon-taulant-ballen-minister-te-brendshem"},"_links":{"self":[{"href":"https:\/\/jugulajm.net\/index.php?rest_route=\/wp\/v2\/posts\/61983","targetHints":{"allow":["GET"]}}],"collection":[{"href":"https:\/\/jugulajm.net\/index.php?rest_route=\/wp\/v2\/posts"}],"about":[{"href":"https:\/\/jugulajm.net\/index.php?rest_route=\/wp\/v2\/types\/post"}],"author":[{"embeddable":true,"href":"https:\/\/jugulajm.net\/index.php?rest_route=\/wp\/v2\/users\/5"}],"replies":[{"embeddable":true,"href":"https:\/\/jugulajm.net\/index.php?rest_route=%2Fwp%2Fv2%2Fcomments&post=61983"}],"version-history":[{"count":0,"href":"https:\/\/jugulajm.net\/index.php?rest_route=\/wp\/v2\/posts\/61983\/revisions"}],"wp:featuredmedia":[{"embeddable":true,"href":"https:\/\/jugulajm.net\/index.php?rest_route=\/wp\/v2\/media\/61984"}],"wp:attachment":[{"href":"https:\/\/jugulajm.net\/index.php?rest_route=%2Fwp%2Fv2%2Fmedia&parent=61983"}],"wp:term":[{"taxonomy":"category","embeddable":true,"href":"https:\/\/jugulajm.net\/index.php?rest_route=%2Fwp%2Fv2%2Fcategories&post=61983"},{"taxonomy":"post_tag","embeddable":true,"href":"https:\/\/jugulajm.net\/index.php?rest_route=%2Fwp%2Fv2%2Ftags&post=61983"}],"curies":[{"name":"wp","href":"https:\/\/api.w.org\/{rel}","templated":true}]}}