{"id":61901,"date":"2023-07-07T15:03:02","date_gmt":"2023-07-07T13:03:02","guid":{"rendered":"https:\/\/jugulajm.net\/?p=61901"},"modified":"2023-07-07T15:03:02","modified_gmt":"2023-07-07T13:03:02","slug":"flet-i-dhunuari-me-shkopinj-bejsbolli-policia-sguxonte-te-na-conte-ne-tirane-sepse","status":"publish","type":"post","link":"https:\/\/jugulajm.net\/?p=61901","title":{"rendered":"Flet i dhunuari me shkopinj bejsbolli: Policia s\u2019guxonte t\u00eb na \u00e7onte n\u00eb Tiran\u00eb, sepse&#8230;"},"content":{"rendered":"<p>Jashar Maja i cili u dhunua mbr\u00ebmjen e djeshme n\u00eb konfliktin p\u00ebr gurore ka treguar n\u00eb nj\u00eb intervist\u00eb p\u00ebr Euroenws Albania se si ndodhi kjo ngjarje.<\/p>\n<p>Ai tha se deri m\u00eb tani policia nuk ka reaguar p\u00ebr ngjarjen dhe se ju ka marr\u00eb vet\u00ebm nga nj\u00eb deklarat\u00eb.<\/p>\n<p>dhunuari theksoi se video \u00ebsht\u00eb filmuar nga vet\u00eb fisi Rraja p\u00ebr t\u00eb treguar forc\u00ebn q\u00eb kan\u00eb. Mes t\u00eb tjerash Maja n\u00ebnvizoi se e gjith\u00eb ngjarja ishte e planifikuar.<\/p>\n<p>Policia nuk ka reaguar. Na ka marr\u00eb vet\u00ebm nj\u00eb deklarat\u00eb. Nuk na ka pyetur njeri a jemi t\u00eb gjall\u00eb a jemi t\u00eb vdekur. Policia e Fush\u00eb- Kruj\u00ebs ka frik\u00eb t\u00eb dal\u00eb n\u00eb rrug\u00eb p\u00ebr t\u00eb na d\u00ebrguar ne n\u00eb Tiran\u00eb. Video \u00ebsht\u00eb filmuar nga ato n\u00eb m\u00ebnyr\u00eb q\u00eb t\u00eb tregojn\u00eb se ja kush jan\u00eb. Po do i b\u00ebj dhe un\u00eb nj\u00eb video atyre, mos t\u00eb ken\u00eb merak. Do tregoj dhe un\u00eb se kush jam. Do e shoh e gjith\u00eb bota se si do ja b\u00ebj\u00eb. Nuk kemi pasur m\u00eb asnj\u00eb kontakt me t\u00eb. I kam b\u00ebr\u00eb nj\u00eb telefonat\u00eb Fred Karajt, \u00ebsht\u00eb shok i Rraj\u00ebs, i thash\u00eb se \u00e7far\u00eb ju kam borxh q\u00eb ma b\u00ebt\u00eb k\u00ebt\u00eb gj\u00eb, m\u00eb tha q\u00eb nuk ke pun\u00eb me mua, por me ata\u201d- tha ai.<\/p>\n","protected":false},"excerpt":{"rendered":"<p>Jashar Maja i cili u dhunua mbr\u00ebmjen e djeshme n\u00eb konfliktin p\u00ebr gurore ka treguar n\u00eb nj\u00eb intervist\u00eb p\u00ebr Euroenws Albania se si ndodhi kjo ngjarje. Ai tha se deri m\u00eb tani policia nuk ka reaguar p\u00ebr ngjarjen dhe se ju ka marr\u00eb vet\u00ebm nga nj\u00eb deklarat\u00eb. dhunuari theksoi se video \u00ebsht\u00eb filmuar nga vet\u00eb [&hellip;]<\/p>\n","protected":false},"author":5,"featured_media":61902,"comment_status":"closed","ping_status":"closed","sticky":false,"template":"","format":"standard","meta":{"footnotes":""},"categories":[1,6332],"tags":[24666,21049],"class_list":{"0":"post-61901","1":"post","2":"type-post","3":"status-publish","4":"format-standard","5":"has-post-thumbnail","7":"category-aktualitet","8":"category-te-fundit","9":"tag-flet-i-dhunuari-me-shkopinj-bejsbolli-policia-sguxonte-te-na-conte-ne-tirane","10":"tag-sepse"},"_links":{"self":[{"href":"https:\/\/jugulajm.net\/index.php?rest_route=\/wp\/v2\/posts\/61901","targetHints":{"allow":["GET"]}}],"collection":[{"href":"https:\/\/jugulajm.net\/index.php?rest_route=\/wp\/v2\/posts"}],"about":[{"href":"https:\/\/jugulajm.net\/index.php?rest_route=\/wp\/v2\/types\/post"}],"author":[{"embeddable":true,"href":"https:\/\/jugulajm.net\/index.php?rest_route=\/wp\/v2\/users\/5"}],"replies":[{"embeddable":true,"href":"https:\/\/jugulajm.net\/index.php?rest_route=%2Fwp%2Fv2%2Fcomments&post=61901"}],"version-history":[{"count":0,"href":"https:\/\/jugulajm.net\/index.php?rest_route=\/wp\/v2\/posts\/61901\/revisions"}],"wp:featuredmedia":[{"embeddable":true,"href":"https:\/\/jugulajm.net\/index.php?rest_route=\/wp\/v2\/media\/61902"}],"wp:attachment":[{"href":"https:\/\/jugulajm.net\/index.php?rest_route=%2Fwp%2Fv2%2Fmedia&parent=61901"}],"wp:term":[{"taxonomy":"category","embeddable":true,"href":"https:\/\/jugulajm.net\/index.php?rest_route=%2Fwp%2Fv2%2Fcategories&post=61901"},{"taxonomy":"post_tag","embeddable":true,"href":"https:\/\/jugulajm.net\/index.php?rest_route=%2Fwp%2Fv2%2Ftags&post=61901"}],"curies":[{"name":"wp","href":"https:\/\/api.w.org\/{rel}","templated":true}]}}