{"id":61849,"date":"2023-07-06T14:37:22","date_gmt":"2023-07-06T12:37:22","guid":{"rendered":"https:\/\/jugulajm.net\/?p=61849"},"modified":"2023-07-06T14:38:35","modified_gmt":"2023-07-06T12:38:35","slug":"pronari-tenton-vetevarjen-brenda-biznesit-te-tij","status":"publish","type":"post","link":"https:\/\/jugulajm.net\/?p=61849","title":{"rendered":"Pronari 53-vje\u00e7ar tenton vet\u00ebvarjen brenda biznesit t\u00eb tij"},"content":{"rendered":"<p>Pronari i nj\u00eb biznesi n\u00eb Vlor\u00eb ka tentuar t\u00eb vet\u00ebvaret, b\u00ebn me dije policia e qytetit bregdetar.<\/p>\n<p>Ngjarja ka ndodhur mesdit\u00ebn e sotme n\u00eb lagjen \u201cKushtrimi\u201d, brenda biznesit t\u00eb tij.<\/p>\n<p>Aktualisht 53-vje\u00e7ari ndodhet n\u00eb spital n\u00ebn kujdesin e mjek\u00ebve, nd\u00ebrsa policia thot\u00eb se po punon p\u00ebr zbardhjen e plot\u00eb t\u00eb ngjarjes. Ende nuk dihen shkaqet q\u00eb e kan\u00eb shtyr\u00eb 53-vje\u00e7arin drejt aktit ekstrem.<\/p>\n<p>Sot, rreth or\u00ebs 12:45, n\u00eb lagjen \u201cKushtrimi\u201d, n\u00eb ambientet e subjektit t\u00eb tij tregtar, dyshohet se ka tentuar t\u00eb vet\u00ebvaret shtetasi R. T., rreth 53 vje\u00e7. Aktualisht ky shtetas ndodhet n\u00eb spital, n\u00eb kujdesin e mjek\u00ebve.<\/p>\n<p>Grupi hetimor ndodhet n\u00eb vendngjarje dhe po punon p\u00ebr sqarimin e plot\u00eb t\u00eb rrethanave t\u00eb ngjarjes\u201d, njofton policia e Vlor\u00ebs.<\/p>\n","protected":false},"excerpt":{"rendered":"<p>Pronari i nj\u00eb biznesi n\u00eb Vlor\u00eb ka tentuar t\u00eb vet\u00ebvaret, b\u00ebn me dije policia e qytetit bregdetar. Ngjarja ka ndodhur mesdit\u00ebn e sotme n\u00eb lagjen \u201cKushtrimi\u201d, brenda biznesit t\u00eb tij. Aktualisht 53-vje\u00e7ari ndodhet n\u00eb spital n\u00ebn kujdesin e mjek\u00ebve, nd\u00ebrsa policia thot\u00eb se po punon p\u00ebr zbardhjen e plot\u00eb t\u00eb ngjarjes. Ende nuk dihen shkaqet [&hellip;]<\/p>\n","protected":false},"author":5,"featured_media":54477,"comment_status":"closed","ping_status":"closed","sticky":false,"template":"","format":"standard","meta":{"footnotes":""},"categories":[1,6332],"tags":[24640],"class_list":{"0":"post-61849","1":"post","2":"type-post","3":"status-publish","4":"format-standard","5":"has-post-thumbnail","7":"category-aktualitet","8":"category-te-fundit","9":"tag-pronari-tenton-vetevarjen-brenda-biznesit-te-tij"},"_links":{"self":[{"href":"https:\/\/jugulajm.net\/index.php?rest_route=\/wp\/v2\/posts\/61849","targetHints":{"allow":["GET"]}}],"collection":[{"href":"https:\/\/jugulajm.net\/index.php?rest_route=\/wp\/v2\/posts"}],"about":[{"href":"https:\/\/jugulajm.net\/index.php?rest_route=\/wp\/v2\/types\/post"}],"author":[{"embeddable":true,"href":"https:\/\/jugulajm.net\/index.php?rest_route=\/wp\/v2\/users\/5"}],"replies":[{"embeddable":true,"href":"https:\/\/jugulajm.net\/index.php?rest_route=%2Fwp%2Fv2%2Fcomments&post=61849"}],"version-history":[{"count":0,"href":"https:\/\/jugulajm.net\/index.php?rest_route=\/wp\/v2\/posts\/61849\/revisions"}],"wp:featuredmedia":[{"embeddable":true,"href":"https:\/\/jugulajm.net\/index.php?rest_route=\/wp\/v2\/media\/54477"}],"wp:attachment":[{"href":"https:\/\/jugulajm.net\/index.php?rest_route=%2Fwp%2Fv2%2Fmedia&parent=61849"}],"wp:term":[{"taxonomy":"category","embeddable":true,"href":"https:\/\/jugulajm.net\/index.php?rest_route=%2Fwp%2Fv2%2Fcategories&post=61849"},{"taxonomy":"post_tag","embeddable":true,"href":"https:\/\/jugulajm.net\/index.php?rest_route=%2Fwp%2Fv2%2Ftags&post=61849"}],"curies":[{"name":"wp","href":"https:\/\/api.w.org\/{rel}","templated":true}]}}