{"id":61808,"date":"2023-07-05T15:25:00","date_gmt":"2023-07-05T13:25:00","guid":{"rendered":"https:\/\/jugulajm.net\/?p=61808"},"modified":"2023-07-05T15:25:00","modified_gmt":"2023-07-05T13:25:00","slug":"mitsotakis-greqia-do-ti-hape-driten-jeshile-martesave-te-se-njejtes-gjini","status":"publish","type":"post","link":"https:\/\/jugulajm.net\/?p=61808","title":{"rendered":"Mitsotakis: Greqia do t\u2019i hap\u00eb drit\u00ebn jeshile martesave t\u00eb s\u00eb nj\u00ebjt\u00ebs gjini"},"content":{"rendered":"<div class=\"block-wrapper\">\n<div class=\"block-wrapper-inner\">\n<p>M\u00eb pak se dy jav\u00eb nga rikonfirmimi me vot\u00eb n\u00eb zgjedhjet e 25 qershorit t\u00eb qeveris\u00eb s\u00eb tij t\u00eb djatht\u00eb, kryeministri grek Kyriakos Mitsotakis ka dh\u00ebn\u00eb nj\u00eb intervist\u00eb p\u00ebr Bloomberg.<\/p>\n<\/div>\n<\/div>\n<div class=\"block-wrapper mktngab\">\n<div class=\"block-wrapper-inner\">\n<p>Ai ka prekur disa nga \u00e7\u00ebshtjet m\u00eb t\u00eb nxehta, si\u00e7 jan\u00eb martesat e s\u00eb nj\u00ebjt\u00ebs gjini, marr\u00ebdh\u00ebniet me Turqin\u00eb, demarkacioni i zonave detare dhe rritja e investimeve n\u00eb turiz\u00ebm.<\/p>\n<\/div>\n<\/div>\n<div class=\"block-wrapper\">\n<div class=\"block-wrapper-inner\">\n<p>Sa i p\u00ebrket martesave t\u00eb \u00e7ifteve t\u00eb s\u00eb nj\u00ebjt\u00ebs gjini, Mitsotakis konfirmoi se shum\u00eb shpejt Greqia do t\u00eb \u00e7el\u00eb drit\u00ebn jeshile.<\/p>\n<\/div>\n<\/div>\n<div class=\"block-wrapper mktngab\">\n<div class=\"block-wrapper-inner\">\n<p>\u201c<em>Shoq\u00ebria greke \u00ebsht\u00eb shum\u00eb m\u00eb e gatshme dhe m\u00eb e pjekur. Martesat e \u00e7ifteve t\u00eb t\u00eb nj\u00ebjtit seks do t\u00eb b\u00ebhen realitet dhe jan\u00eb pjes\u00eb e strategjis\u00eb son\u00eb<\/em>\u201d, tha kryeministri grek p\u00ebr k\u00ebt\u00eb \u00e7\u00ebshtje.<\/p>\n<div class=\"block-wrapper\">\n<div class=\"block-wrapper-inner\">\n<p>Nd\u00ebrkoh\u00eb, si\u00e7 v\u00ebren Bloomberg, Greqia k\u00ebrceu me 5 vende n\u00eb renditjen e organizat\u00ebs ILGAEurope p\u00ebr t\u00eb drejtat e LGBTI n\u00eb Evrop\u00eb, duke tejkaluar vende si Britania dhe Gjermania.<\/p>\n<\/div>\n<\/div>\n<div class=\"block-wrapper mktngab\">\n<div class=\"block-wrapper-inner\">\n<p>Sa i p\u00ebrket raportit me Ankaran\u00eb zyrtare, Mitsotakis \u00ebsht\u00eb shprehur se \u201cka ardhur koha p\u00ebr t\u00eb rip\u00ebrcaktuar marr\u00ebdh\u00ebniet me Turqin\u00eb.<\/p>\n<\/div>\n<\/div>\n<div class=\"block-wrapper\">\n<div class=\"block-wrapper-inner\">\n<p>\u201c<em>Ne po diskutojm\u00eb vet\u00ebm p\u00ebr demarkacionin e zonave detare<\/em>\u201c, tha ai.<\/p>\n<\/div>\n<\/div>\n<div class=\"block-wrapper mktngab\">\n<div class=\"block-wrapper-inner\">\n<p>Deklaratat e kryeministrit grek vijn\u00eb nj\u00eb jav\u00eb p\u00ebrpara takimit me Recep Tayyip Erdogan n\u00eb samitin e NATO-s n\u00eb Vilnius.<\/p>\n<\/div>\n<\/div>\n<div class=\"mkt-block\"><\/div>\n<div class=\"block-wrapper\">\n<div class=\"block-wrapper-inner\">\n<p>\u201cNj\u00eb udh\u00ebrr\u00ebfyes p\u00ebr de-p\u00ebrshkall\u00ebzimin e tensioneve\u00a0<em>do na ndihmoj\u00eb t\u00eb gjejm\u00eb nj\u00eb m\u00ebnyr\u00eb p\u00ebr t\u2019u marr\u00eb me at\u00eb q\u00eb ne e konsiderojm\u00eb problemin kryesor t\u00eb pazgjidhur q\u00eb kemi me Turqin\u00eb<\/em>\u201c, tha nd\u00ebr t\u00eb tjera Mitsotakis.<\/p>\n<\/div>\n<\/div>\n<div class=\"block-wrapper\">\n<div class=\"block-wrapper-inner\">\n<p>Ai e identifikoi k\u00ebt\u00eb si p\u00ebrcaktimi i zonave detare n\u00eb Egje dhe Mesdheun Lindor, pra shelfi kontinental dhe ZEE.<\/p>\n<\/div>\n<\/div>\n<div class=\"block-wrapper\">\n<div class=\"block-wrapper-inner\">\n<p>Por, Mitsotakis e b\u00ebri t\u00eb qart\u00eb edhe nj\u00eb her\u00eb se Greqia nuk \u00ebsht\u00eb e gatshme t\u00eb diskutoj\u00eb me Turqin\u00eb \u00e7\u00ebshtje q\u00eb lidhen me sovranitetin apo mbrojtjen greke .<\/p>\n<\/div>\n<\/div>\n<div class=\"block-wrapper\">\n<div class=\"block-wrapper-inner\">\n<p>\u201c<em>K\u00ebto jan\u00eb \u00e7\u00ebshtje q\u00eb thjesht nuk jan\u00eb p\u00ebr diskutim<\/em>\u201d, tha ai.<\/p>\n<\/div>\n<\/div>\n<\/div>\n<\/div>\n","protected":false},"excerpt":{"rendered":"<p>M\u00eb pak se dy jav\u00eb nga rikonfirmimi me vot\u00eb n\u00eb zgjedhjet e 25 qershorit t\u00eb qeveris\u00eb s\u00eb tij t\u00eb djatht\u00eb, kryeministri grek Kyriakos Mitsotakis ka dh\u00ebn\u00eb nj\u00eb intervist\u00eb p\u00ebr Bloomberg. Ai ka prekur disa nga \u00e7\u00ebshtjet m\u00eb t\u00eb nxehta, si\u00e7 jan\u00eb martesat e s\u00eb nj\u00ebjt\u00ebs gjini, marr\u00ebdh\u00ebniet me Turqin\u00eb, demarkacioni i zonave detare dhe rritja [&hellip;]<\/p>\n","protected":false},"author":5,"featured_media":59059,"comment_status":"closed","ping_status":"closed","sticky":false,"template":"","format":"standard","meta":{"footnotes":""},"categories":[1,6332],"tags":[24619],"class_list":{"0":"post-61808","1":"post","2":"type-post","3":"status-publish","4":"format-standard","5":"has-post-thumbnail","7":"category-aktualitet","8":"category-te-fundit","9":"tag-mitsotakis-greqia-do-ti-hape-driten-jeshile-martesave-te-se-njejtes-gjini"},"_links":{"self":[{"href":"https:\/\/jugulajm.net\/index.php?rest_route=\/wp\/v2\/posts\/61808","targetHints":{"allow":["GET"]}}],"collection":[{"href":"https:\/\/jugulajm.net\/index.php?rest_route=\/wp\/v2\/posts"}],"about":[{"href":"https:\/\/jugulajm.net\/index.php?rest_route=\/wp\/v2\/types\/post"}],"author":[{"embeddable":true,"href":"https:\/\/jugulajm.net\/index.php?rest_route=\/wp\/v2\/users\/5"}],"replies":[{"embeddable":true,"href":"https:\/\/jugulajm.net\/index.php?rest_route=%2Fwp%2Fv2%2Fcomments&post=61808"}],"version-history":[{"count":0,"href":"https:\/\/jugulajm.net\/index.php?rest_route=\/wp\/v2\/posts\/61808\/revisions"}],"wp:featuredmedia":[{"embeddable":true,"href":"https:\/\/jugulajm.net\/index.php?rest_route=\/wp\/v2\/media\/59059"}],"wp:attachment":[{"href":"https:\/\/jugulajm.net\/index.php?rest_route=%2Fwp%2Fv2%2Fmedia&parent=61808"}],"wp:term":[{"taxonomy":"category","embeddable":true,"href":"https:\/\/jugulajm.net\/index.php?rest_route=%2Fwp%2Fv2%2Fcategories&post=61808"},{"taxonomy":"post_tag","embeddable":true,"href":"https:\/\/jugulajm.net\/index.php?rest_route=%2Fwp%2Fv2%2Ftags&post=61808"}],"curies":[{"name":"wp","href":"https:\/\/api.w.org\/{rel}","templated":true}]}}