{"id":61798,"date":"2023-07-05T10:46:54","date_gmt":"2023-07-05T08:46:54","guid":{"rendered":"https:\/\/jugulajm.net\/?p=61798"},"modified":"2023-07-05T10:49:23","modified_gmt":"2023-07-05T08:49:23","slug":"greqi-sherr-mes-shqiptareve-1-i-plagosur-rende-me-thike-1-tjeter-shpallet-ne-kerkim","status":"publish","type":"post","link":"https:\/\/jugulajm.net\/?p=61798","title":{"rendered":"Greqi\/ Sherr mes shqiptar\u00ebve, 1 i plagosur r\u00ebnd\u00eb me thik\u00ea, 1 tjet\u00ebr shpallet n\u00eb k\u00ebrkim"},"content":{"rendered":"<p>Nj\u00eb shqiptar \u00ebsht\u00eb shpallur n\u00eb k\u00ebrkim nga autoritetet greke pasi akuzohet se ka plagosur me thik\u00eb nj\u00eb bashk\u00ebatdhetar. Ngjarja ka ndodhur n\u00eb nj\u00eb lokal n\u00eb Derveni t\u00eb Korinthis\u00eb, ku \u00ebsht\u00eb plagosur r\u00ebnd\u00eb nj\u00eb shqiptar.<\/p>\n<p>Konflikti mes shqiptar\u00ebve filloi p\u00ebr shkaqe banale. Nj\u00ebri prej tyre nxjerr\u00eb nj\u00eb thik\u00eb, me t\u00eb cil\u00ebn plagos tjetrin n\u00eb shpin\u00eb.<\/p>\n<p>M\u00eb pas autori largohet me vrap. Ai nuk \u00ebsht\u00eb gjetur ende, pavar\u00ebsisht nisjeve t\u00eb menj\u00ebher\u00ebshme t\u00eb k\u00ebrkimeve.<\/p>\n<p>Nd\u00ebrkoh\u00eb i plagosuri ndodhet n\u00eb gjendje t\u00eb r\u00ebnd\u00eb n\u00ebn kujdesin e mjek\u00ebve.\u00a0 Policia po punon p\u00ebr zbardhjen e plot\u00eb t\u00eb ngjarjes.<\/p>\n","protected":false},"excerpt":{"rendered":"<p>Nj\u00eb shqiptar \u00ebsht\u00eb shpallur n\u00eb k\u00ebrkim nga autoritetet greke pasi akuzohet se ka plagosur me thik\u00eb nj\u00eb bashk\u00ebatdhetar. Ngjarja ka ndodhur n\u00eb nj\u00eb lokal n\u00eb Derveni t\u00eb Korinthis\u00eb, ku \u00ebsht\u00eb plagosur r\u00ebnd\u00eb nj\u00eb shqiptar. Konflikti mes shqiptar\u00ebve filloi p\u00ebr shkaqe banale. Nj\u00ebri prej tyre nxjerr\u00eb nj\u00eb thik\u00eb, me t\u00eb cil\u00ebn plagos tjetrin n\u00eb shpin\u00eb. M\u00eb [&hellip;]<\/p>\n","protected":false},"author":5,"featured_media":52760,"comment_status":"closed","ping_status":"closed","sticky":false,"template":"","format":"standard","meta":{"footnotes":""},"categories":[1,6332],"tags":[24611,24612,24610],"class_list":{"0":"post-61798","1":"post","2":"type-post","3":"status-publish","4":"format-standard","5":"has-post-thumbnail","7":"category-aktualitet","8":"category-te-fundit","9":"tag-1-i-plagosur-rende-me-thike","10":"tag-1-tjeter-shpallet-ne-kerkim","11":"tag-greqi-sherr-mes-shqiptareve"},"_links":{"self":[{"href":"https:\/\/jugulajm.net\/index.php?rest_route=\/wp\/v2\/posts\/61798","targetHints":{"allow":["GET"]}}],"collection":[{"href":"https:\/\/jugulajm.net\/index.php?rest_route=\/wp\/v2\/posts"}],"about":[{"href":"https:\/\/jugulajm.net\/index.php?rest_route=\/wp\/v2\/types\/post"}],"author":[{"embeddable":true,"href":"https:\/\/jugulajm.net\/index.php?rest_route=\/wp\/v2\/users\/5"}],"replies":[{"embeddable":true,"href":"https:\/\/jugulajm.net\/index.php?rest_route=%2Fwp%2Fv2%2Fcomments&post=61798"}],"version-history":[{"count":0,"href":"https:\/\/jugulajm.net\/index.php?rest_route=\/wp\/v2\/posts\/61798\/revisions"}],"wp:featuredmedia":[{"embeddable":true,"href":"https:\/\/jugulajm.net\/index.php?rest_route=\/wp\/v2\/media\/52760"}],"wp:attachment":[{"href":"https:\/\/jugulajm.net\/index.php?rest_route=%2Fwp%2Fv2%2Fmedia&parent=61798"}],"wp:term":[{"taxonomy":"category","embeddable":true,"href":"https:\/\/jugulajm.net\/index.php?rest_route=%2Fwp%2Fv2%2Fcategories&post=61798"},{"taxonomy":"post_tag","embeddable":true,"href":"https:\/\/jugulajm.net\/index.php?rest_route=%2Fwp%2Fv2%2Ftags&post=61798"}],"curies":[{"name":"wp","href":"https:\/\/api.w.org\/{rel}","templated":true}]}}