{"id":61770,"date":"2023-07-04T17:12:21","date_gmt":"2023-07-04T15:12:21","guid":{"rendered":"https:\/\/jugulajm.net\/?p=61770"},"modified":"2023-07-04T17:12:38","modified_gmt":"2023-07-04T15:12:38","slug":"greqi-aksident-i-rende-nderron-jete-27-vjecari-shqiptar","status":"publish","type":"post","link":"https:\/\/jugulajm.net\/?p=61770","title":{"rendered":"Greqi\/ Aksident i r\u00ebnd\u00eb, nd\u00ebrron jet\u00eb 27-vje\u00e7ari shqiptar"},"content":{"rendered":"<p>Nj\u00eb 27-vje\u00e7ar me origjin\u00eb shqiptare ka humbur jet\u00ebn n\u00eb nj\u00eb aksident rrugor n\u00eb zon\u00ebn e Skylabela.<\/p>\n<p>Rrethanat e aksidentit mbeten t\u00eb paqarta nd\u00ebrsa drejtuesi i makin\u00ebs, i cili punonte n\u00eb nj\u00eb lokal plazhi n\u00eb ishull humbi drejtimin duke shkaktuar dhe p\u00ebrmbysjen e automjetit.<\/p>\n<p>P\u00ebrplasja ka qen\u00eb aq e fort\u00eb sa i riu \u00ebsht\u00eb hedhur nga makina e tij, shkruajn\u00eb mediat greke.<\/p>\n<div id=\"pa_videoslider\">\n<div id=\"videoad\">N\u00eb vendngjarje shkuan menj\u00ebher\u00eb ambulanca, policia dhe zjarrfik\u00ebsja por i riu q\u00eb banonte prej vitesh n\u00eb Mykonos, kishte nd\u00ebrruar jet\u00eb.<\/div>\n<\/div>\n","protected":false},"excerpt":{"rendered":"<p>Nj\u00eb 27-vje\u00e7ar me origjin\u00eb shqiptare ka humbur jet\u00ebn n\u00eb nj\u00eb aksident rrugor n\u00eb zon\u00ebn e Skylabela. Rrethanat e aksidentit mbeten t\u00eb paqarta nd\u00ebrsa drejtuesi i makin\u00ebs, i cili punonte n\u00eb nj\u00eb lokal plazhi n\u00eb ishull humbi drejtimin duke shkaktuar dhe p\u00ebrmbysjen e automjetit. P\u00ebrplasja ka qen\u00eb aq e fort\u00eb sa i riu \u00ebsht\u00eb hedhur nga [&hellip;]<\/p>\n","protected":false},"author":5,"featured_media":61771,"comment_status":"closed","ping_status":"closed","sticky":false,"template":"","format":"standard","meta":{"footnotes":""},"categories":[1,6332],"tags":[24596,24597],"class_list":{"0":"post-61770","1":"post","2":"type-post","3":"status-publish","4":"format-standard","5":"has-post-thumbnail","7":"category-aktualitet","8":"category-te-fundit","9":"tag-greqi-aksident-i-rende","10":"tag-nderron-jete-27-vjecari-shqiptar"},"_links":{"self":[{"href":"https:\/\/jugulajm.net\/index.php?rest_route=\/wp\/v2\/posts\/61770","targetHints":{"allow":["GET"]}}],"collection":[{"href":"https:\/\/jugulajm.net\/index.php?rest_route=\/wp\/v2\/posts"}],"about":[{"href":"https:\/\/jugulajm.net\/index.php?rest_route=\/wp\/v2\/types\/post"}],"author":[{"embeddable":true,"href":"https:\/\/jugulajm.net\/index.php?rest_route=\/wp\/v2\/users\/5"}],"replies":[{"embeddable":true,"href":"https:\/\/jugulajm.net\/index.php?rest_route=%2Fwp%2Fv2%2Fcomments&post=61770"}],"version-history":[{"count":0,"href":"https:\/\/jugulajm.net\/index.php?rest_route=\/wp\/v2\/posts\/61770\/revisions"}],"wp:featuredmedia":[{"embeddable":true,"href":"https:\/\/jugulajm.net\/index.php?rest_route=\/wp\/v2\/media\/61771"}],"wp:attachment":[{"href":"https:\/\/jugulajm.net\/index.php?rest_route=%2Fwp%2Fv2%2Fmedia&parent=61770"}],"wp:term":[{"taxonomy":"category","embeddable":true,"href":"https:\/\/jugulajm.net\/index.php?rest_route=%2Fwp%2Fv2%2Fcategories&post=61770"},{"taxonomy":"post_tag","embeddable":true,"href":"https:\/\/jugulajm.net\/index.php?rest_route=%2Fwp%2Fv2%2Ftags&post=61770"}],"curies":[{"name":"wp","href":"https:\/\/api.w.org\/{rel}","templated":true}]}}