{"id":61764,"date":"2023-07-04T16:12:13","date_gmt":"2023-07-04T14:12:13","guid":{"rendered":"https:\/\/jugulajm.net\/?p=61764"},"modified":"2023-07-04T16:17:33","modified_gmt":"2023-07-04T14:17:33","slug":"itali-vritet-27-vjecari-shqiptari-u-qellua-ne-banese-nga-nje-italian","status":"publish","type":"post","link":"https:\/\/jugulajm.net\/?p=61764","title":{"rendered":"EMRI\/ Vritet 27-vje\u00e7ari shqiptar n\u00eb Itali, u q\u00ebllua n\u00eb banes\u00eb nga nj\u00eb italian"},"content":{"rendered":"<p>Nj\u00eb 27-vje\u00e7ar shqiptar ka nd\u00ebrruar jet\u00eb m\u00ebngjesin e sot\u00ebm n\u00eb spitalin Garibaldi Centro t\u00eb Nesimas, nj\u00eb dit\u00eb pasi u plagos r\u00ebn\u00eb me arm\u00eb zjarri brenda nj\u00eb banese sociale.<\/p>\n<p>Ngjarja e r\u00ebnd\u00eb e ndodhur n\u00eb Nesima t\u00eb Katanias \u00ebsht\u00eb ende e paqart\u00eb si\u00e7 raportojn\u00eb mediat italiane.<\/p>\n<p>Po sipas tyre shqiptari i identifikuar si Kastriot Ismailaj q\u00ebndronte pa dokumente n\u00eb Itali, nd\u00ebrsa bashk\u00eb me t\u00eb i plagosur mbeti edhe nj\u00eb 43-vje\u00e7ar, i identifikuar si Carmelo Leonardi.<\/p>\n<p>Policia ka arrestuar autorin e dyshuar t\u00eb ngjarjes, nj\u00eb 27-vjecar italian me precedent\u00eb t\u00eb m\u00ebparsh\u00ebm penal\u00eb Giovanni Pasqualino Di Benedetto.<\/p>\n<p>Shkak p\u00ebr vrasjen dyshohet t\u00eb jet\u00eb b\u00ebr\u00eb godina ku jetonte shqiptari, e cila ishte n\u00eb pron\u00ebsi t\u00eb nj\u00eb gruaje q\u00eb kishte nd\u00ebrruar jet\u00eb.<\/p>\n<p>Pritet q\u00eb nga marrja n\u00eb pyetje e 27-vje\u00e7arit Benedetto, t\u00eb m\u00ebsohen m\u00eb shum\u00eb t\u00eb dh\u00ebna p\u00ebr ngjarjen e ndodhur.<\/p>\n","protected":false},"excerpt":{"rendered":"<p>Nj\u00eb 27-vje\u00e7ar shqiptar ka nd\u00ebrruar jet\u00eb m\u00ebngjesin e sot\u00ebm n\u00eb spitalin Garibaldi Centro t\u00eb Nesimas, nj\u00eb dit\u00eb pasi u plagos r\u00ebn\u00eb me arm\u00eb zjarri brenda nj\u00eb banese sociale. Ngjarja e r\u00ebnd\u00eb e ndodhur n\u00eb Nesima t\u00eb Katanias \u00ebsht\u00eb ende e paqart\u00eb si\u00e7 raportojn\u00eb mediat italiane. Po sipas tyre shqiptari i identifikuar si Kastriot Ismailaj q\u00ebndronte [&hellip;]<\/p>\n","protected":false},"author":5,"featured_media":60126,"comment_status":"closed","ping_status":"closed","sticky":false,"template":"","format":"standard","meta":{"footnotes":""},"categories":[1,6332],"tags":[24595,24594],"class_list":{"0":"post-61764","1":"post","2":"type-post","3":"status-publish","4":"format-standard","5":"has-post-thumbnail","7":"category-aktualitet","8":"category-te-fundit","9":"tag-emri-vritet-27-vjecari-shqiptari-ne-itali","10":"tag-u-qellua-ne-banese-nga-nje-italian"},"_links":{"self":[{"href":"https:\/\/jugulajm.net\/index.php?rest_route=\/wp\/v2\/posts\/61764","targetHints":{"allow":["GET"]}}],"collection":[{"href":"https:\/\/jugulajm.net\/index.php?rest_route=\/wp\/v2\/posts"}],"about":[{"href":"https:\/\/jugulajm.net\/index.php?rest_route=\/wp\/v2\/types\/post"}],"author":[{"embeddable":true,"href":"https:\/\/jugulajm.net\/index.php?rest_route=\/wp\/v2\/users\/5"}],"replies":[{"embeddable":true,"href":"https:\/\/jugulajm.net\/index.php?rest_route=%2Fwp%2Fv2%2Fcomments&post=61764"}],"version-history":[{"count":0,"href":"https:\/\/jugulajm.net\/index.php?rest_route=\/wp\/v2\/posts\/61764\/revisions"}],"wp:featuredmedia":[{"embeddable":true,"href":"https:\/\/jugulajm.net\/index.php?rest_route=\/wp\/v2\/media\/60126"}],"wp:attachment":[{"href":"https:\/\/jugulajm.net\/index.php?rest_route=%2Fwp%2Fv2%2Fmedia&parent=61764"}],"wp:term":[{"taxonomy":"category","embeddable":true,"href":"https:\/\/jugulajm.net\/index.php?rest_route=%2Fwp%2Fv2%2Fcategories&post=61764"},{"taxonomy":"post_tag","embeddable":true,"href":"https:\/\/jugulajm.net\/index.php?rest_route=%2Fwp%2Fv2%2Ftags&post=61764"}],"curies":[{"name":"wp","href":"https:\/\/api.w.org\/{rel}","templated":true}]}}