{"id":61753,"date":"2023-07-04T12:25:05","date_gmt":"2023-07-04T10:25:05","guid":{"rendered":"https:\/\/jugulajm.net\/?p=61753"},"modified":"2023-07-04T12:25:05","modified_gmt":"2023-07-04T10:25:05","slug":"foto-ja-makina-ku-u-gjend-i-vdekur-39-vjecari-dalin-detajet","status":"publish","type":"post","link":"https:\/\/jugulajm.net\/?p=61753","title":{"rendered":"FOTO\/ Ja makina ku u gjend i vdekur 39-vje\u00e7ari, dalin detajet&#8230;"},"content":{"rendered":"<div class=\"block-wrapper\">\n<div class=\"block-wrapper-inner\">\n<p>Zbardhen detaje t\u00eb reja nga ngjarja n\u00eb Durr\u00ebs ku nj\u00eb person i pajet\u00eb \u00ebsht\u00eb gjetur brenda nj\u00eb automjeti n\u00eb qytetin bregdetar. Viktima \u00ebsht\u00eb A.R. 39 vje\u00e7, i cili banon n\u00eb Kruj\u00eb.<\/p>\n<\/div>\n<\/div>\n<div class=\"block-wrapper mktngab\">\n<div class=\"block-wrapper-inner\">\n<p>Ngjarja ka ndodhur pran\u00eb shkoll\u00ebs \u201cJusuf Puka\u201d, ku 39 vje\u00e7ari i vdekur \u00ebsht\u00eb konstatuar brenda nj\u00eb makine ngjyr\u00eb gri.<\/p>\n<\/div>\n<\/div>\n<div class=\"block-wrapper\">\n<div class=\"block-wrapper-inner\">\n<p>N\u00eb vendngjarje ka mb\u00ebrritur policia edhe ambulanca, t\u00eb cil\u00ebt po kryejn\u00eb veprimet e para hetimore.<\/p>\n<\/div>\n<\/div>\n<div class=\"block-wrapper mktngab\">\n<div class=\"block-wrapper-inner\">\n<p>Nuk dihet n\u00ebse ka qen\u00eb vdekje natyrale apo kemi t\u00eb b\u00ebjm\u00eb me ngjarje kriminale.<\/p>\n<p>N\u00eb vijim pritet t\u00eb zbardhen m\u00eb shum\u00eb detaje rreth viktim\u00ebs dhe shkaqet e vdekjes.<\/p>\n<\/div>\n<\/div>\n","protected":false},"excerpt":{"rendered":"<p>Zbardhen detaje t\u00eb reja nga ngjarja n\u00eb Durr\u00ebs ku nj\u00eb person i pajet\u00eb \u00ebsht\u00eb gjetur brenda nj\u00eb automjeti n\u00eb qytetin bregdetar. Viktima \u00ebsht\u00eb A.R. 39 vje\u00e7, i cili banon n\u00eb Kruj\u00eb. Ngjarja ka ndodhur pran\u00eb shkoll\u00ebs \u201cJusuf Puka\u201d, ku 39 vje\u00e7ari i vdekur \u00ebsht\u00eb konstatuar brenda nj\u00eb makine ngjyr\u00eb gri. N\u00eb vendngjarje ka mb\u00ebrritur policia [&hellip;]<\/p>\n","protected":false},"author":5,"featured_media":61754,"comment_status":"closed","ping_status":"closed","sticky":false,"template":"","format":"standard","meta":{"footnotes":""},"categories":[1,6332],"tags":[24589,24588],"class_list":{"0":"post-61753","1":"post","2":"type-post","3":"status-publish","4":"format-standard","5":"has-post-thumbnail","7":"category-aktualitet","8":"category-te-fundit","9":"tag-dalin-detajet","10":"tag-foto-ja-makina-ku-u-gjend-i-vdekur-39-vjecari"},"_links":{"self":[{"href":"https:\/\/jugulajm.net\/index.php?rest_route=\/wp\/v2\/posts\/61753","targetHints":{"allow":["GET"]}}],"collection":[{"href":"https:\/\/jugulajm.net\/index.php?rest_route=\/wp\/v2\/posts"}],"about":[{"href":"https:\/\/jugulajm.net\/index.php?rest_route=\/wp\/v2\/types\/post"}],"author":[{"embeddable":true,"href":"https:\/\/jugulajm.net\/index.php?rest_route=\/wp\/v2\/users\/5"}],"replies":[{"embeddable":true,"href":"https:\/\/jugulajm.net\/index.php?rest_route=%2Fwp%2Fv2%2Fcomments&post=61753"}],"version-history":[{"count":0,"href":"https:\/\/jugulajm.net\/index.php?rest_route=\/wp\/v2\/posts\/61753\/revisions"}],"wp:featuredmedia":[{"embeddable":true,"href":"https:\/\/jugulajm.net\/index.php?rest_route=\/wp\/v2\/media\/61754"}],"wp:attachment":[{"href":"https:\/\/jugulajm.net\/index.php?rest_route=%2Fwp%2Fv2%2Fmedia&parent=61753"}],"wp:term":[{"taxonomy":"category","embeddable":true,"href":"https:\/\/jugulajm.net\/index.php?rest_route=%2Fwp%2Fv2%2Fcategories&post=61753"},{"taxonomy":"post_tag","embeddable":true,"href":"https:\/\/jugulajm.net\/index.php?rest_route=%2Fwp%2Fv2%2Ftags&post=61753"}],"curies":[{"name":"wp","href":"https:\/\/api.w.org\/{rel}","templated":true}]}}