{"id":61726,"date":"2023-07-03T20:18:09","date_gmt":"2023-07-03T18:18:09","guid":{"rendered":"https:\/\/jugulajm.net\/?p=61726"},"modified":"2023-07-03T20:18:34","modified_gmt":"2023-07-03T18:18:34","slug":"foto-rama-ndjek-fjalen-e-clinton-it-i-ulur-ne-shkallet-e-kryeministrise","status":"publish","type":"post","link":"https:\/\/jugulajm.net\/?p=61726","title":{"rendered":"FOTO\/ Rama ndjek fjal\u00ebn e Clinton-it i ulur n\u00eb shkall\u00ebt e Kryeministris\u00eb"},"content":{"rendered":"<nav class=\"menu-holder\">E teksa ish-Presidenti i SHBA-s\u00eb, Bill Clinton mban fjal\u00ebn e tij n\u00eb sheshin para Kryeministris\u00eb n\u00eb bulevardin \u201cD\u00ebshmor\u00ebt e Kombit\u201d, kryeministri Edi Rama ka vendosur ta ndjek\u00eb n\u00eb nj\u00eb m\u00ebnyr\u00eb t\u00eb pazakont\u00eb.<\/nav>\n<section class=\"under-sticky-header\">\n<div class=\"container readmore-container mgb-40\">\n<div class=\"row row-12 clear\">\n<div class=\"col-lg-8 col-12 readmore-content\"><main>Kreu i qeveris\u00eb, nuk u ul si zakonisht n\u00eb karrige p\u00ebrball\u00eb foltores. Ai vendosi ta ndiqte fjal\u00ebn e Clinton i ulur n\u00eb shkall\u00ebt e<\/main>Kjo \u00ebsht\u00eb hera e par\u00eb q\u00eb ish-Presidenti Clinton viziton Shqip\u00ebrin\u00eb. N\u00eb fjal\u00ebn e tij kryeministri Rama tha se Clinton p\u00ebrcaktoi historin\u00eb e Kosov\u00ebs dhe t\u00eb gjith\u00eb Ballkanit.<\/p>\n<p>Ai tha po ashtu se \u201c<em>Shqip\u00ebria \u00ebsht\u00eb vendi m\u00eb pro amerikan q\u00eb mund t\u00eb gjendet sot\u201d<\/em>\u00a0dhe se vet\u00eb Clinton \u00ebsht\u00eb \u201c<em>presidenti m\u00eb shqiptar q\u00eb ne mund t\u00eb gjenim ndonj\u00ebher\u00eb n\u00eb Amerik\u00eb.<\/em><\/p>\n<\/div>\n<\/div>\n<\/div>\n<\/section>\n","protected":false},"excerpt":{"rendered":"<p>E teksa ish-Presidenti i SHBA-s\u00eb, Bill Clinton mban fjal\u00ebn e tij n\u00eb sheshin para Kryeministris\u00eb n\u00eb bulevardin \u201cD\u00ebshmor\u00ebt e Kombit\u201d, kryeministri Edi Rama ka vendosur ta ndjek\u00eb n\u00eb nj\u00eb m\u00ebnyr\u00eb t\u00eb pazakont\u00eb. Kreu i qeveris\u00eb, nuk u ul si zakonisht n\u00eb karrige p\u00ebrball\u00eb foltores. Ai vendosi ta ndiqte fjal\u00ebn e Clinton i ulur n\u00eb shkall\u00ebt [&hellip;]<\/p>\n","protected":false},"author":5,"featured_media":61727,"comment_status":"closed","ping_status":"closed","sticky":false,"template":"","format":"standard","meta":{"footnotes":""},"categories":[1,6332],"tags":[24574],"class_list":{"0":"post-61726","1":"post","2":"type-post","3":"status-publish","4":"format-standard","5":"has-post-thumbnail","7":"category-aktualitet","8":"category-te-fundit","9":"tag-foto-rama-ndjek-fjalen-e-clinton-it-i-ulur-ne-shkallet-e-kryeministrise"},"_links":{"self":[{"href":"https:\/\/jugulajm.net\/index.php?rest_route=\/wp\/v2\/posts\/61726","targetHints":{"allow":["GET"]}}],"collection":[{"href":"https:\/\/jugulajm.net\/index.php?rest_route=\/wp\/v2\/posts"}],"about":[{"href":"https:\/\/jugulajm.net\/index.php?rest_route=\/wp\/v2\/types\/post"}],"author":[{"embeddable":true,"href":"https:\/\/jugulajm.net\/index.php?rest_route=\/wp\/v2\/users\/5"}],"replies":[{"embeddable":true,"href":"https:\/\/jugulajm.net\/index.php?rest_route=%2Fwp%2Fv2%2Fcomments&post=61726"}],"version-history":[{"count":0,"href":"https:\/\/jugulajm.net\/index.php?rest_route=\/wp\/v2\/posts\/61726\/revisions"}],"wp:featuredmedia":[{"embeddable":true,"href":"https:\/\/jugulajm.net\/index.php?rest_route=\/wp\/v2\/media\/61727"}],"wp:attachment":[{"href":"https:\/\/jugulajm.net\/index.php?rest_route=%2Fwp%2Fv2%2Fmedia&parent=61726"}],"wp:term":[{"taxonomy":"category","embeddable":true,"href":"https:\/\/jugulajm.net\/index.php?rest_route=%2Fwp%2Fv2%2Fcategories&post=61726"},{"taxonomy":"post_tag","embeddable":true,"href":"https:\/\/jugulajm.net\/index.php?rest_route=%2Fwp%2Fv2%2Ftags&post=61726"}],"curies":[{"name":"wp","href":"https:\/\/api.w.org\/{rel}","templated":true}]}}