{"id":61716,"date":"2023-07-03T19:16:34","date_gmt":"2023-07-03T17:16:34","guid":{"rendered":"https:\/\/jugulajm.net\/?p=61716"},"modified":"2023-07-03T19:16:34","modified_gmt":"2023-07-03T17:16:34","slug":"emri-trishtuese-shuhet-ne-itali-6-vjecarja-shqiptare-u-aksidentua-teksa-vinte-me-familjen-per-dasme-ne-shqiperi","status":"publish","type":"post","link":"https:\/\/jugulajm.net\/?p=61716","title":{"rendered":"EMRI\/ Trishtuese, shuhet n\u00eb Itali 6-vje\u00e7arja shqiptare, u aksidentua teksa vinte me familjen p\u00ebr dasm\u00eb n\u00eb Shqip\u00ebri"},"content":{"rendered":"<p>Tragjedi n\u00eb nj\u00eb familje shqiptare n\u00eb Itali.<\/p>\n<p>Leila Kurti, vet\u00ebm 6 vje\u00e7e, nuk mundi t\u2019i mbijetonte plag\u00ebve t\u00eb marra nga nj\u00eb aksident i ndodhur n\u00eb San Polo t\u00eb Reggio Emilia-s.<\/p>\n<p>Ajo u shua n\u00eb spital, ku q\u00ebndronte prej 14 Qershorit t\u00eb shkuar, pasi kishte mbetur e plagosur r\u00ebnd\u00eb n\u00eb nj\u00eb aksident me makin\u00eb n\u00eb Bolonja.<\/p>\n<p>Sipas asaj q\u00eb shkruajn\u00eb\u00a0mediat fqinje, Leila ishte n\u00eb makin\u00eb me prind\u00ebrit dhe motr\u00ebn 4-vje\u00e7are.<\/p>\n<div class=\"insertion-box\">\n<div class=\"\">\n<div id=\"t64a2ff2b75139\" data-p=\"100\"><\/div>\n<\/div>\n<\/div>\n<p>Prej 18 dit\u00ebsh, ajo q\u00ebndronte n\u00eb reanimacionin e spitalit t\u00eb Bolonj\u00ebs ku u shua m\u00ebngjesin e s\u00eb diel\u00ebs.<\/p>\n<p>Aksidenti i r\u00ebnd\u00eb ndodhi rreth or\u00ebs 17:00 t\u00eb 14 Qershorit, pran\u00eb unaz\u00ebs s\u00eb Bologna-s.<\/p>\n<p>Prind\u00ebrit s\u00eb bashku me dy vajzat po shkonin n\u00eb aeroportin e Marconi-t, p\u00ebr t\u00eb marr\u00eb pjes\u00eb n\u00eb nj\u00eb dasm\u00eb n\u00eb Shqip\u00ebri.<\/p>\n<p>Makina ku udh\u00ebtonte familja Kurti u godit me forc\u00eb nga pas nga nj\u00eb tjet\u00ebr automjet. Gjendja sh\u00ebndet\u00ebsore e Leilas s\u00eb vog\u00ebl kishte qen\u00eb e r\u00ebnd\u00eb q\u00eb prej fillimit. T\u00eb plagosura mbet\u00ebn edhe n\u00ebna dhe motra 4-vje\u00e7are, nd\u00ebrsa babai p\u00ebsoi vet\u00ebm disa fraktura.<\/p>\n<p>Mediat fqinje shkruajn\u00eb se Gentian Kurti, 41-vje\u00e7, \u00ebsht\u00eb mjaft i njohur n\u00eb San Polo ku jeton bashk\u00eb me familjen prej vitit 1998.<\/p>\n<p>Ai \u00ebsht\u00eb drejtues i nj\u00eb servisi p\u00ebr makina dhe \u00ebsht\u00eb k\u00ebshilltar n\u00eb bashki n\u00eb radh\u00ebt e Fratelli d\u2019Italia (FDI), q\u00eb prej 2018-s. Nd\u00ebrsa bashk\u00ebshortja e tij Michela punon n\u00eb restorantin Red Lion.<\/p>\n<p>Gjithnj\u00eb sipas mediave italiane, 8 vjet m\u00eb par\u00eb, familja shqiptare kishte p\u00ebrjetuar nj\u00eb tjet\u00ebr tragjedi. \u00c7ifti humbi djalin Marko, i cili ishte po ashtu 6 vje\u00e7. Ai nd\u00ebrroi jet\u00eb p\u00ebr shkak se kishte lindur me deformime t\u00eb r\u00ebnda.<\/p>\n<p>Kryebashkiaku i San Polo, Franco Palu vendosi q\u00eb dita kur Leil\u00ebs t\u2019i jepet lamtumira e fundit, t\u00eb jet\u00eb dit\u00eb zie.<\/p>\n","protected":false},"excerpt":{"rendered":"<p>Tragjedi n\u00eb nj\u00eb familje shqiptare n\u00eb Itali. Leila Kurti, vet\u00ebm 6 vje\u00e7e, nuk mundi t\u2019i mbijetonte plag\u00ebve t\u00eb marra nga nj\u00eb aksident i ndodhur n\u00eb San Polo t\u00eb Reggio Emilia-s. Ajo u shua n\u00eb spital, ku q\u00ebndronte prej 14 Qershorit t\u00eb shkuar, pasi kishte mbetur e plagosur r\u00ebnd\u00eb n\u00eb nj\u00eb aksident me makin\u00eb n\u00eb Bolonja. [&hellip;]<\/p>\n","protected":false},"author":5,"featured_media":61717,"comment_status":"closed","ping_status":"closed","sticky":false,"template":"","format":"standard","meta":{"footnotes":""},"categories":[1,6332],"tags":[24569,24570,24571],"class_list":{"0":"post-61716","1":"post","2":"type-post","3":"status-publish","4":"format-standard","5":"has-post-thumbnail","7":"category-aktualitet","8":"category-te-fundit","9":"tag-emri-trishtuese","10":"tag-shuhet-ne-itali-6-vjecarja-shqiptare","11":"tag-u-aksidentua-teksa-vinte-me-familjen-per-dasme-ne-shqiperi"},"_links":{"self":[{"href":"https:\/\/jugulajm.net\/index.php?rest_route=\/wp\/v2\/posts\/61716","targetHints":{"allow":["GET"]}}],"collection":[{"href":"https:\/\/jugulajm.net\/index.php?rest_route=\/wp\/v2\/posts"}],"about":[{"href":"https:\/\/jugulajm.net\/index.php?rest_route=\/wp\/v2\/types\/post"}],"author":[{"embeddable":true,"href":"https:\/\/jugulajm.net\/index.php?rest_route=\/wp\/v2\/users\/5"}],"replies":[{"embeddable":true,"href":"https:\/\/jugulajm.net\/index.php?rest_route=%2Fwp%2Fv2%2Fcomments&post=61716"}],"version-history":[{"count":0,"href":"https:\/\/jugulajm.net\/index.php?rest_route=\/wp\/v2\/posts\/61716\/revisions"}],"wp:featuredmedia":[{"embeddable":true,"href":"https:\/\/jugulajm.net\/index.php?rest_route=\/wp\/v2\/media\/61717"}],"wp:attachment":[{"href":"https:\/\/jugulajm.net\/index.php?rest_route=%2Fwp%2Fv2%2Fmedia&parent=61716"}],"wp:term":[{"taxonomy":"category","embeddable":true,"href":"https:\/\/jugulajm.net\/index.php?rest_route=%2Fwp%2Fv2%2Fcategories&post=61716"},{"taxonomy":"post_tag","embeddable":true,"href":"https:\/\/jugulajm.net\/index.php?rest_route=%2Fwp%2Fv2%2Ftags&post=61716"}],"curies":[{"name":"wp","href":"https:\/\/api.w.org\/{rel}","templated":true}]}}