{"id":61709,"date":"2023-07-03T17:35:45","date_gmt":"2023-07-03T15:35:45","guid":{"rendered":"https:\/\/jugulajm.net\/?p=61709"},"modified":"2023-07-03T17:38:54","modified_gmt":"2023-07-03T15:38:54","slug":"emri-me-shpejtesi-rrufe-humb-jeten-29-vjecari-shqiptar","status":"publish","type":"post","link":"https:\/\/jugulajm.net\/?p=61709","title":{"rendered":"EMRI\/ Me shpejt\u00ebsi rrufe, humb jet\u00ebn n\u00eb Itali 29-vje\u00e7ari shqiptar"},"content":{"rendered":"<p>Nj\u00eb shqiptar ka humbur jeten n\u00eb Itali.<\/p>\n<p>Nj\u00eb aksident tragjik i ka marr\u00eb jet\u00ebn 29-vje\u00e7arit Xhulio Marleci.<\/p>\n<p>Sipas <a href=\"https:\/\/www.modenaindiretta.it\/modena-piange-giulio-raccolta-fondi-mercoledi-funerali-video\/\"><em><strong>medieve<\/strong>\u00a0<\/em><\/a>italiane aksidenti ndodhi mbr\u00ebmjen e s\u00eb shtun\u00ebs rreth or\u00ebs 21:30 n\u00eb Modena.<\/p>\n<p>Xhulio po drejtonte makin\u00ebn e tij tip \u201cVolkswagen Polo\u201d kur humbi kontrollin dhe goditi disa kosha plehrash n\u00eb an\u00ebn tjet\u00ebr t\u00eb rrug\u00eb.<\/p>\n<p>Makina shtyu nj\u00eb nga kontejner\u00ebt p\u00ebr disa dhjet\u00ebra metra derisa ndaloi dhe u p\u00ebrplas me port\u00ebn e nj\u00eb sht\u00ebpie. Pavar\u00ebsisht ndihm\u00ebs s\u00eb shpejt i riu humbi jeten.<\/p>\n","protected":false},"excerpt":{"rendered":"<p>Nj\u00eb shqiptar ka humbur jeten n\u00eb Itali. Nj\u00eb aksident tragjik i ka marr\u00eb jet\u00ebn 29-vje\u00e7arit Xhulio Marleci. Sipas medieve\u00a0italiane aksidenti ndodhi mbr\u00ebmjen e s\u00eb shtun\u00ebs rreth or\u00ebs 21:30 n\u00eb Modena. Xhulio po drejtonte makin\u00ebn e tij tip \u201cVolkswagen Polo\u201d kur humbi kontrollin dhe goditi disa kosha plehrash n\u00eb an\u00ebn tjet\u00ebr t\u00eb rrug\u00eb. Makina shtyu nj\u00eb [&hellip;]<\/p>\n","protected":false},"author":5,"featured_media":61710,"comment_status":"closed","ping_status":"closed","sticky":false,"template":"","format":"standard","meta":{"footnotes":""},"categories":[1,6332],"tags":[24566,24567],"class_list":{"0":"post-61709","1":"post","2":"type-post","3":"status-publish","4":"format-standard","5":"has-post-thumbnail","7":"category-aktualitet","8":"category-te-fundit","9":"tag-emri-me-shpejtesi-rrufe","10":"tag-humb-jeten-29-vjecari-shqiptar"},"_links":{"self":[{"href":"https:\/\/jugulajm.net\/index.php?rest_route=\/wp\/v2\/posts\/61709","targetHints":{"allow":["GET"]}}],"collection":[{"href":"https:\/\/jugulajm.net\/index.php?rest_route=\/wp\/v2\/posts"}],"about":[{"href":"https:\/\/jugulajm.net\/index.php?rest_route=\/wp\/v2\/types\/post"}],"author":[{"embeddable":true,"href":"https:\/\/jugulajm.net\/index.php?rest_route=\/wp\/v2\/users\/5"}],"replies":[{"embeddable":true,"href":"https:\/\/jugulajm.net\/index.php?rest_route=%2Fwp%2Fv2%2Fcomments&post=61709"}],"version-history":[{"count":0,"href":"https:\/\/jugulajm.net\/index.php?rest_route=\/wp\/v2\/posts\/61709\/revisions"}],"wp:featuredmedia":[{"embeddable":true,"href":"https:\/\/jugulajm.net\/index.php?rest_route=\/wp\/v2\/media\/61710"}],"wp:attachment":[{"href":"https:\/\/jugulajm.net\/index.php?rest_route=%2Fwp%2Fv2%2Fmedia&parent=61709"}],"wp:term":[{"taxonomy":"category","embeddable":true,"href":"https:\/\/jugulajm.net\/index.php?rest_route=%2Fwp%2Fv2%2Fcategories&post=61709"},{"taxonomy":"post_tag","embeddable":true,"href":"https:\/\/jugulajm.net\/index.php?rest_route=%2Fwp%2Fv2%2Ftags&post=61709"}],"curies":[{"name":"wp","href":"https:\/\/api.w.org\/{rel}","templated":true}]}}