{"id":61629,"date":"2023-07-01T21:36:37","date_gmt":"2023-07-01T19:36:37","guid":{"rendered":"https:\/\/jugulajm.net\/?p=61629"},"modified":"2023-07-01T21:37:25","modified_gmt":"2023-07-01T19:37:25","slug":"detaje-plagosja-e-2-te-rinjve-autori-pse-me-keni-zene-rrugen","status":"publish","type":"post","link":"https:\/\/jugulajm.net\/?p=61629","title":{"rendered":"Detaje\/ Plagosja e 2 t\u00eb rinjve, autori: Pse m\u00eb keni z\u00ebn\u00eb rrug\u00ebn?"},"content":{"rendered":"<p>Policia ka dh\u00ebn\u00eb informacion lidhur me plagosjen e ndodhur mbr\u00ebmjen e sotme n\u00eb n\u00eb rrug\u00ebn \u201c5 Maji\u201d, n\u00eb af\u00ebrsi t\u00eb nj\u00eb shkolle private.<\/p>\n<p>Policia b\u00ebn me dije se nj\u00eb shtetas me iniciale A. D., \u00ebsht\u00eb konfliktuar p\u00ebr motive t\u00eb dob\u00ebta me shtetasit E. Sh., 29 vje\u00e7, dhe J. \u00c7., 26 vje\u00e7, dhe m\u00eb pas ka braktisur automjetin e tij dhe \u00ebsht\u00eb larguar nga vendi i ngjarjes.<\/p>\n<p>Gjat\u00eb konfliktit A. D. ka q\u00eblluar me xham shtetasit E. Sh., dhe J. \u00c7., t\u00eb cil\u00ebt jan\u00eb transportuar p\u00ebr mjekim n\u00eb spital dhe ndodhen jasht\u00eb rrezikut p\u00ebr jet\u00ebn.<\/p>\n<p>Sipas informacioneve, konflikti ka lindur pasi A.D. ka qen\u00eb duke udh\u00ebtuar me makin\u00eb, nd\u00ebrsa p\u00ebr para tij po kalonin dy t\u00eb rinjt\u00eb. N\u00eb k\u00ebt\u00eb moment, drejtuesi i automjetit u ka k\u00ebrkuar llogari me pretendimin se ata i kishin z\u00ebn\u00eb rrug\u00ebn.<\/p>\n<p>Kaq ka mjaftuar q\u00eb sherri t\u00eb degjeneronte deri n\u00eb plagosjen e dy t\u00eb rinjve, nd\u00ebrsa autori ka braktisur makin\u00ebn dhe \u00ebsht\u00eb larguar nga vendi i ngjarjes. Nd\u00ebrkoh\u00eb, Grupi hetimor po punon p\u00ebr kapjen e autorit t\u00eb dyshuar dhe sqarimin e rrethanave t\u00eb konfliktit.<\/p>\n","protected":false},"excerpt":{"rendered":"<p>Policia ka dh\u00ebn\u00eb informacion lidhur me plagosjen e ndodhur mbr\u00ebmjen e sotme n\u00eb n\u00eb rrug\u00ebn \u201c5 Maji\u201d, n\u00eb af\u00ebrsi t\u00eb nj\u00eb shkolle private. Policia b\u00ebn me dije se nj\u00eb shtetas me iniciale A. D., \u00ebsht\u00eb konfliktuar p\u00ebr motive t\u00eb dob\u00ebta me shtetasit E. Sh., 29 vje\u00e7, dhe J. \u00c7., 26 vje\u00e7, dhe m\u00eb pas ka [&hellip;]<\/p>\n","protected":false},"author":5,"featured_media":54364,"comment_status":"closed","ping_status":"closed","sticky":false,"template":"","format":"standard","meta":{"footnotes":""},"categories":[1,6332],"tags":[24524,24523],"class_list":{"0":"post-61629","1":"post","2":"type-post","3":"status-publish","4":"format-standard","5":"has-post-thumbnail","7":"category-aktualitet","8":"category-te-fundit","9":"tag-autori-pse-me-keni-zene-rrugen","10":"tag-detaje-plagosja-e-2-te-rinjve"},"_links":{"self":[{"href":"https:\/\/jugulajm.net\/index.php?rest_route=\/wp\/v2\/posts\/61629","targetHints":{"allow":["GET"]}}],"collection":[{"href":"https:\/\/jugulajm.net\/index.php?rest_route=\/wp\/v2\/posts"}],"about":[{"href":"https:\/\/jugulajm.net\/index.php?rest_route=\/wp\/v2\/types\/post"}],"author":[{"embeddable":true,"href":"https:\/\/jugulajm.net\/index.php?rest_route=\/wp\/v2\/users\/5"}],"replies":[{"embeddable":true,"href":"https:\/\/jugulajm.net\/index.php?rest_route=%2Fwp%2Fv2%2Fcomments&post=61629"}],"version-history":[{"count":0,"href":"https:\/\/jugulajm.net\/index.php?rest_route=\/wp\/v2\/posts\/61629\/revisions"}],"wp:featuredmedia":[{"embeddable":true,"href":"https:\/\/jugulajm.net\/index.php?rest_route=\/wp\/v2\/media\/54364"}],"wp:attachment":[{"href":"https:\/\/jugulajm.net\/index.php?rest_route=%2Fwp%2Fv2%2Fmedia&parent=61629"}],"wp:term":[{"taxonomy":"category","embeddable":true,"href":"https:\/\/jugulajm.net\/index.php?rest_route=%2Fwp%2Fv2%2Fcategories&post=61629"},{"taxonomy":"post_tag","embeddable":true,"href":"https:\/\/jugulajm.net\/index.php?rest_route=%2Fwp%2Fv2%2Ftags&post=61629"}],"curies":[{"name":"wp","href":"https:\/\/api.w.org\/{rel}","templated":true}]}}