{"id":61579,"date":"2023-06-30T22:20:20","date_gmt":"2023-06-30T20:20:20","guid":{"rendered":"https:\/\/jugulajm.net\/?p=61579"},"modified":"2023-06-30T22:23:00","modified_gmt":"2023-06-30T20:23:00","slug":"pas-fitores-se-zgjedhjeve-mitsotakis-reagon-per-fredi-belerin","status":"publish","type":"post","link":"https:\/\/jugulajm.net\/?p=61579","title":{"rendered":"Pas fitores s\u00eb zgjedhjeve, Mitsotakis reagon p\u00ebr Fredi Belerin"},"content":{"rendered":"<p>N\u00eb p\u00ebrfundim t\u00eb samitit dyditor t\u00eb BE-s\u00eb, kryeministri i Greqis\u00eb, Kyriakos Mitsotakis, i cili sapo ka marr\u00eb nj\u00eb mandat t\u00eb dyt\u00eb ka folur m\u00eb shum\u00eb mbi \u00e7\u00ebshtjen e arrestimit t\u00eb Fredi Belerit, kryetarit t\u00eb bashkis\u00eb Himar\u00eb, i cili ndodhet n\u00eb paraburgim, n\u00ebn akuzat p\u00ebr blerje votash.<\/p>\n<p>Mitsotakis deklaroi se pati mund\u00ebsi q\u00eb t\u00eb informoj\u00eb Brukselin mbi situat\u00ebn aktuale teksa shtoi se zgjidhja apo moszgjidhja e k\u00ebsaj ngjarjeje do t\u00eb ndikoj\u00eb n\u00eb qasjen e Greqis\u00eb sa i p\u00ebrket an\u00ebtar\u00ebsimit t\u00eb Shqip\u00ebris\u00eb n\u00eb BE-s\u00eb.<\/p>\n<p><em>\u201cPata rastin t\u00eb informoj dhe t\u00eb shpreh indinjat\u00ebn time q\u00eb nj\u00eb kryetar i zgjedhur \u00ebsht\u00eb ende n\u00eb burg. Beleri ndodhet n\u00eb burg sipas dispozitave procedurale t\u00eb dyshimta. <\/em><\/p>\n<p><em>\u00cbsht\u00eb nj\u00eb goditje ndaj p\u00ebrpjekjes s\u00eb Shqip\u00ebris\u00eb p\u00ebr t\u2019u harmonizuar me ligjin dhe traktatet evropiane. Shpresoj se \u00e7\u00ebshtja do t\u00eb zgjidhet shpejt. Zgjidhja ose moszgjidhja e saj do t\u00eb jet\u00eb nj\u00eb element i vler\u00ebsimit grek sa i p\u00ebrket \u00e7\u00ebshtjes s\u00eb an\u00ebtar\u00ebsimit t\u00eb Shqip\u00ebris\u00eb n\u00eb BE<\/em>\u201c, tha Mitsotakis.<\/p>\n<p>Kryebashkiaku i Himar\u00ebs nga koalicioni \u201cBashk\u00eb Fitojm\u00eb\u201d ndodhet n\u00eb qelit\u00eb e paraburgimit t\u00eb 313 n\u00eb kryeqytet pasi gjykata vendosi arrest me burg m\u00eb 22 maj, pas ndalimit t\u00eb tij.<\/p>\n","protected":false},"excerpt":{"rendered":"<p>N\u00eb p\u00ebrfundim t\u00eb samitit dyditor t\u00eb BE-s\u00eb, kryeministri i Greqis\u00eb, Kyriakos Mitsotakis, i cili sapo ka marr\u00eb nj\u00eb mandat t\u00eb dyt\u00eb ka folur m\u00eb shum\u00eb mbi \u00e7\u00ebshtjen e arrestimit t\u00eb Fredi Belerit, kryetarit t\u00eb bashkis\u00eb Himar\u00eb, i cili ndodhet n\u00eb paraburgim, n\u00ebn akuzat p\u00ebr blerje votash. Mitsotakis deklaroi se pati mund\u00ebsi q\u00eb t\u00eb informoj\u00eb Brukselin [&hellip;]<\/p>\n","protected":false},"author":5,"featured_media":61580,"comment_status":"closed","ping_status":"closed","sticky":false,"template":"","format":"standard","meta":{"footnotes":""},"categories":[1,6332],"tags":[24505],"class_list":{"0":"post-61579","1":"post","2":"type-post","3":"status-publish","4":"format-standard","5":"has-post-thumbnail","7":"category-aktualitet","8":"category-te-fundit","9":"tag-pas-fitores-se-zgjedhjeve-mitsotakis-reagon-per-fredi-belerin"},"_links":{"self":[{"href":"https:\/\/jugulajm.net\/index.php?rest_route=\/wp\/v2\/posts\/61579","targetHints":{"allow":["GET"]}}],"collection":[{"href":"https:\/\/jugulajm.net\/index.php?rest_route=\/wp\/v2\/posts"}],"about":[{"href":"https:\/\/jugulajm.net\/index.php?rest_route=\/wp\/v2\/types\/post"}],"author":[{"embeddable":true,"href":"https:\/\/jugulajm.net\/index.php?rest_route=\/wp\/v2\/users\/5"}],"replies":[{"embeddable":true,"href":"https:\/\/jugulajm.net\/index.php?rest_route=%2Fwp%2Fv2%2Fcomments&post=61579"}],"version-history":[{"count":0,"href":"https:\/\/jugulajm.net\/index.php?rest_route=\/wp\/v2\/posts\/61579\/revisions"}],"wp:featuredmedia":[{"embeddable":true,"href":"https:\/\/jugulajm.net\/index.php?rest_route=\/wp\/v2\/media\/61580"}],"wp:attachment":[{"href":"https:\/\/jugulajm.net\/index.php?rest_route=%2Fwp%2Fv2%2Fmedia&parent=61579"}],"wp:term":[{"taxonomy":"category","embeddable":true,"href":"https:\/\/jugulajm.net\/index.php?rest_route=%2Fwp%2Fv2%2Fcategories&post=61579"},{"taxonomy":"post_tag","embeddable":true,"href":"https:\/\/jugulajm.net\/index.php?rest_route=%2Fwp%2Fv2%2Ftags&post=61579"}],"curies":[{"name":"wp","href":"https:\/\/api.w.org\/{rel}","templated":true}]}}