{"id":61573,"date":"2023-06-30T20:49:51","date_gmt":"2023-06-30T18:49:51","guid":{"rendered":"https:\/\/jugulajm.net\/?p=61573"},"modified":"2023-06-30T20:49:51","modified_gmt":"2023-06-30T18:49:51","slug":"emri-shqiptari-17-vjecar-firmos-kontrate-profesioniste-me-psg-ne","status":"publish","type":"post","link":"https:\/\/jugulajm.net\/?p=61573","title":{"rendered":"EMRI\/ Shqiptari 17-vje\u00e7ar firmos kontrat\u00eb profesioniste me PSG-n\u00eb"},"content":{"rendered":"<div class=\"block-wrapper\">\n<div class=\"block-wrapper-inner\">\n<p>Nga Ada e Velipoj\u00ebs n\u00eb nivelin e tret\u00eb t\u00eb futbollit shqiptar, te gjigand\u00ebt europian\u00eb t\u00eb Paris Saint Germain.<\/p>\n<p>Ky \u00ebsht\u00eb kap\u00ebrcimi i jasht\u00ebzakonsh\u00ebm i portierit Gabriel Guri, q\u00eb firmosi kontrat\u00eb profesioniste me klubin francez.<\/p>\n<\/div>\n<\/div>\n<div class=\"block-wrapper mktngab\">\n<div class=\"block-wrapper-inner\">\n<p>Pas Ad\u00ebs dhe Murlanit n\u00eb Shqip\u00ebri, 17-vje\u00e7ari luajti te Le Havre n\u00eb Franc\u00eb dhe me paraqitjet e atjeshme fitoi mund\u00ebsin\u00eb t\u00eb transferohej n\u00eb Paris.<\/p>\n<\/div>\n<\/div>\n<div class=\"mkt-block\">Marr\u00ebveshja te PSG u realizua fal\u00eb ndikimit t\u00eb ish-yllit t\u00eb Komb\u00ebtares, Edvin Murati, me portierin Guri q\u00eb fillimisht do t\u00eb luaj\u00eb tek ekipi i 19-vje\u00e7ar\u00ebve.<\/div>\n","protected":false},"excerpt":{"rendered":"<p>Nga Ada e Velipoj\u00ebs n\u00eb nivelin e tret\u00eb t\u00eb futbollit shqiptar, te gjigand\u00ebt europian\u00eb t\u00eb Paris Saint Germain. Ky \u00ebsht\u00eb kap\u00ebrcimi i jasht\u00ebzakonsh\u00ebm i portierit Gabriel Guri, q\u00eb firmosi kontrat\u00eb profesioniste me klubin francez. Pas Ad\u00ebs dhe Murlanit n\u00eb Shqip\u00ebri, 17-vje\u00e7ari luajti te Le Havre n\u00eb Franc\u00eb dhe me paraqitjet e atjeshme fitoi mund\u00ebsin\u00eb t\u00eb [&hellip;]<\/p>\n","protected":false},"author":5,"featured_media":61574,"comment_status":"closed","ping_status":"closed","sticky":false,"template":"","format":"standard","meta":{"footnotes":""},"categories":[6334,6332],"tags":[24502],"class_list":{"0":"post-61573","1":"post","2":"type-post","3":"status-publish","4":"format-standard","5":"has-post-thumbnail","7":"category-sport","8":"category-te-fundit","9":"tag-emri-shqiptari-17-vjecar-firmos-kontrate-profesioniste-me-psg-ne"},"_links":{"self":[{"href":"https:\/\/jugulajm.net\/index.php?rest_route=\/wp\/v2\/posts\/61573","targetHints":{"allow":["GET"]}}],"collection":[{"href":"https:\/\/jugulajm.net\/index.php?rest_route=\/wp\/v2\/posts"}],"about":[{"href":"https:\/\/jugulajm.net\/index.php?rest_route=\/wp\/v2\/types\/post"}],"author":[{"embeddable":true,"href":"https:\/\/jugulajm.net\/index.php?rest_route=\/wp\/v2\/users\/5"}],"replies":[{"embeddable":true,"href":"https:\/\/jugulajm.net\/index.php?rest_route=%2Fwp%2Fv2%2Fcomments&post=61573"}],"version-history":[{"count":0,"href":"https:\/\/jugulajm.net\/index.php?rest_route=\/wp\/v2\/posts\/61573\/revisions"}],"wp:featuredmedia":[{"embeddable":true,"href":"https:\/\/jugulajm.net\/index.php?rest_route=\/wp\/v2\/media\/61574"}],"wp:attachment":[{"href":"https:\/\/jugulajm.net\/index.php?rest_route=%2Fwp%2Fv2%2Fmedia&parent=61573"}],"wp:term":[{"taxonomy":"category","embeddable":true,"href":"https:\/\/jugulajm.net\/index.php?rest_route=%2Fwp%2Fv2%2Fcategories&post=61573"},{"taxonomy":"post_tag","embeddable":true,"href":"https:\/\/jugulajm.net\/index.php?rest_route=%2Fwp%2Fv2%2Ftags&post=61573"}],"curies":[{"name":"wp","href":"https:\/\/api.w.org\/{rel}","templated":true}]}}