{"id":61541,"date":"2023-06-30T12:14:18","date_gmt":"2023-06-30T10:14:18","guid":{"rendered":"https:\/\/jugulajm.net\/?p=61541"},"modified":"2023-06-30T12:15:40","modified_gmt":"2023-06-30T10:15:40","slug":"emrat-foto-ndryshime-ne-krye-te-komisariatit-te-sarandes-ja-kush-iken-dhe-kush-vjen","status":"publish","type":"post","link":"https:\/\/jugulajm.net\/?p=61541","title":{"rendered":"EMRAT-FOTO\/ Ndryshime n\u00eb krye t\u00eb Komisariatit t\u00eb Sarand\u00ebs, ja kush ik\u00ebn dhe kush vjen"},"content":{"rendered":"<p>Gerald Toska \u00ebsht\u00eb em\u00ebruar shef i ri i komisariatit n\u00eb Sarand\u00eb. Ai z\u00ebvend\u00ebson n\u00eb k\u00ebt\u00eb detyre Oltion Agollin.<\/p>\n<div class=\"ads_desktop\">\n<p>Agolli u em\u00ebrua n\u00eb krye t\u00eb komisariatit t\u00eb Sarand\u00ebs n\u00eb janar t\u00eb 2023.<\/p>\n<\/div>\n<p>Ky i fundit tashm\u00eb do t\u00eb em\u00ebrohet si specialist n\u00eb Drejtorin\u00eb e P\u00ebrgjithshme t\u00eb Policis\u00eb s\u00eb Shtetit.<\/p>\n<p><img decoding=\"async\" src=\"https:\/\/shqiptarja.com\/uploads\/780x440\/1688118055_geraldtoska.JPG\" alt=\"Gerald Toska em\u00ebrohet shefi i ri i Komisariatit n\u00eb Sarand\u00eb\" \/><\/p>\n","protected":false},"excerpt":{"rendered":"<p>Gerald Toska \u00ebsht\u00eb em\u00ebruar shef i ri i komisariatit n\u00eb Sarand\u00eb. Ai z\u00ebvend\u00ebson n\u00eb k\u00ebt\u00eb detyre Oltion Agollin. Agolli u em\u00ebrua n\u00eb krye t\u00eb komisariatit t\u00eb Sarand\u00ebs n\u00eb janar t\u00eb 2023. Ky i fundit tashm\u00eb do t\u00eb em\u00ebrohet si specialist n\u00eb Drejtorin\u00eb e P\u00ebrgjithshme t\u00eb Policis\u00eb s\u00eb Shtetit.<\/p>\n","protected":false},"author":5,"featured_media":51993,"comment_status":"closed","ping_status":"closed","sticky":false,"template":"","format":"standard","meta":{"footnotes":""},"categories":[1,6332],"tags":[24479,24480],"class_list":{"0":"post-61541","1":"post","2":"type-post","3":"status-publish","4":"format-standard","5":"has-post-thumbnail","7":"category-aktualitet","8":"category-te-fundit","9":"tag-emrat-foto-ndryshime-ne-krye-te-komisariatit-te-sarandes","10":"tag-ja-kush-iken-dhe-kush-vjen"},"_links":{"self":[{"href":"https:\/\/jugulajm.net\/index.php?rest_route=\/wp\/v2\/posts\/61541","targetHints":{"allow":["GET"]}}],"collection":[{"href":"https:\/\/jugulajm.net\/index.php?rest_route=\/wp\/v2\/posts"}],"about":[{"href":"https:\/\/jugulajm.net\/index.php?rest_route=\/wp\/v2\/types\/post"}],"author":[{"embeddable":true,"href":"https:\/\/jugulajm.net\/index.php?rest_route=\/wp\/v2\/users\/5"}],"replies":[{"embeddable":true,"href":"https:\/\/jugulajm.net\/index.php?rest_route=%2Fwp%2Fv2%2Fcomments&post=61541"}],"version-history":[{"count":0,"href":"https:\/\/jugulajm.net\/index.php?rest_route=\/wp\/v2\/posts\/61541\/revisions"}],"wp:featuredmedia":[{"embeddable":true,"href":"https:\/\/jugulajm.net\/index.php?rest_route=\/wp\/v2\/media\/51993"}],"wp:attachment":[{"href":"https:\/\/jugulajm.net\/index.php?rest_route=%2Fwp%2Fv2%2Fmedia&parent=61541"}],"wp:term":[{"taxonomy":"category","embeddable":true,"href":"https:\/\/jugulajm.net\/index.php?rest_route=%2Fwp%2Fv2%2Fcategories&post=61541"},{"taxonomy":"post_tag","embeddable":true,"href":"https:\/\/jugulajm.net\/index.php?rest_route=%2Fwp%2Fv2%2Ftags&post=61541"}],"curies":[{"name":"wp","href":"https:\/\/api.w.org\/{rel}","templated":true}]}}