{"id":61538,"date":"2023-06-30T11:03:02","date_gmt":"2023-06-30T09:03:02","guid":{"rendered":"https:\/\/jugulajm.net\/?p=61538"},"modified":"2023-06-30T11:03:02","modified_gmt":"2023-06-30T09:03:02","slug":"emri-foto-historia-e-veshtire-e-shqiptarit-qe-u-be-aktor-i-njohur-ne-greqi-isha-6-vjec-kur","status":"publish","type":"post","link":"https:\/\/jugulajm.net\/?p=61538","title":{"rendered":"EMRI-FOTO\/ Historia e v\u00ebshtir\u00eb e shqiptarit q\u00eb u b\u00eb aktor i njohur n\u00eb Greqi: Isha 6 vje\u00e7 kur&#8230;"},"content":{"rendered":"<p>Andi Ngjela i njohur me emrin e artit Nikos Gelias, \u00ebsht\u00eb nj\u00eb nga aktor\u00ebt m\u00eb t\u00eb mir\u00eb shqiptar\u00eb n\u00eb Greqi. Ai ka korrur shum\u00eb sukses, ve\u00e7an\u00ebrisht me filmin e tij t\u00eb par\u00eb debutues \u2018Ksenia\u2019, i cili u nominua n\u00eb Festivalin e Kan\u00ebs.<\/p>\n<p>N\u00eb fokus t\u00eb k\u00ebtij filmi jan\u00eb dy adoleshent\u00eb shqiptar\u00eb t\u00eb lindur n\u00eb Greqi, nj\u00eb vend q\u00eb i b\u00ebn t\u00eb ndihen t\u00eb huaj.<\/p>\n<p>N\u00eb nj\u00eb lidhje me Skype, Andi ka treguar se n\u00eb k\u00ebt\u00eb film ka zbuluar vet\u00ebm t\u00eb v\u00ebrteta, q\u00eb t\u00eb gjith\u00eb i din\u00eb p\u00ebr m\u00ebnyr\u00ebn se si trajtohen shqiptar\u00ebt.<\/p>\n<p>\u201cN\u00eb dokumentarin tim nuk kam di\u00e7ka q\u00eb populli nuk e di. T\u00eb gjith\u00eb e din\u00eb se si jan\u00eb trajtuar shqiptar\u00ebt, v\u00ebshtir\u00ebsit\u00eb q\u00eb jan\u00eb p\u00ebrballur, t\u00eb gjith\u00eb do njohin nj\u00eb shqiptar\u00eb te lagja e tyre, te grupi i tyre miq\u00ebsore.<\/p>\n<p>Nuk \u00ebsht\u00eb se thash ndonj\u00eb gj\u00eb t\u00eb re, t\u00eb gjith\u00eb shqiptar\u00ebt jan\u00eb p\u00ebrballur. Un\u00eb thjesht e thash pak m\u00eb leht\u00eb, p\u00ebr shkak t\u00eb detyr\u00ebs q\u00eb kam\u201d, tha ai.<\/p>\n<p>M\u00eb tej, Andi ka zbuluar dhe historin\u00eb e jet\u00ebs s\u00eb tij, si u largua nga Shqip\u00ebria i vet\u00ebm n\u00eb mosh\u00ebn 6-vje\u00e7are.<\/p>\n<p>\u201cKan\u00eb kaluar shum\u00eb vite. Prind\u00ebrit e mi kan\u00eb ardhur n\u00eb Greqi nj\u00eb vit m\u00eb p\u00ebrpara. Un\u00eb kam lindur n\u00eb Tiran\u00eb, jetoja n\u00eb Fier n\u00eb at\u00eb koh\u00eb, m\u00eb vendos\u00ebn n\u00eb taksi. Nuk \u00ebsht\u00eb se mbaj mend shum\u00eb gj\u00ebra se isha f\u00ebmij\u00eb at\u00ebher\u00eb, vet\u00ebm 6 vje\u00e7. Mbaj mend q\u00eb b\u00ebra nj\u00eb rrug\u00eb shum\u00eb t\u00eb gjat\u00eb p\u00ebr t\u00eb shkuar n\u00eb Athin\u00eb te prind\u00ebrit, m\u00eb shum\u00eb se 6 or\u00eb. Mbaj mend frik\u00ebn q\u00eb kisha kur ndodhesha n\u00eb kufi se \u00e7far\u00eb nuk kishim d\u00ebgjuar at\u00ebher\u00eb. Kam jetuar nj\u00eb vit te tezja n\u00eb Athin\u00eb pa prind\u00ebrit, m\u00eb pas jam bashkuar\u201d, rr\u00ebfeu aktori.<\/p>\n","protected":false},"excerpt":{"rendered":"<p>Andi Ngjela i njohur me emrin e artit Nikos Gelias, \u00ebsht\u00eb nj\u00eb nga aktor\u00ebt m\u00eb t\u00eb mir\u00eb shqiptar\u00eb n\u00eb Greqi. Ai ka korrur shum\u00eb sukses, ve\u00e7an\u00ebrisht me filmin e tij t\u00eb par\u00eb debutues \u2018Ksenia\u2019, i cili u nominua n\u00eb Festivalin e Kan\u00ebs. N\u00eb fokus t\u00eb k\u00ebtij filmi jan\u00eb dy adoleshent\u00eb shqiptar\u00eb t\u00eb lindur n\u00eb Greqi, [&hellip;]<\/p>\n","protected":false},"author":5,"featured_media":61539,"comment_status":"closed","ping_status":"closed","sticky":false,"template":"","format":"standard","meta":{"footnotes":""},"categories":[7665,6332],"tags":[24478],"class_list":{"0":"post-61538","1":"post","2":"type-post","3":"status-publish","4":"format-standard","5":"has-post-thumbnail","7":"category-art","8":"category-te-fundit","9":"tag-emri-foto-historia-e-veshtire-e-shqiptarit-qe-u-be-aktor-i-njohur-ne-greqi-isha-6-vjec-kur"},"_links":{"self":[{"href":"https:\/\/jugulajm.net\/index.php?rest_route=\/wp\/v2\/posts\/61538","targetHints":{"allow":["GET"]}}],"collection":[{"href":"https:\/\/jugulajm.net\/index.php?rest_route=\/wp\/v2\/posts"}],"about":[{"href":"https:\/\/jugulajm.net\/index.php?rest_route=\/wp\/v2\/types\/post"}],"author":[{"embeddable":true,"href":"https:\/\/jugulajm.net\/index.php?rest_route=\/wp\/v2\/users\/5"}],"replies":[{"embeddable":true,"href":"https:\/\/jugulajm.net\/index.php?rest_route=%2Fwp%2Fv2%2Fcomments&post=61538"}],"version-history":[{"count":0,"href":"https:\/\/jugulajm.net\/index.php?rest_route=\/wp\/v2\/posts\/61538\/revisions"}],"wp:featuredmedia":[{"embeddable":true,"href":"https:\/\/jugulajm.net\/index.php?rest_route=\/wp\/v2\/media\/61539"}],"wp:attachment":[{"href":"https:\/\/jugulajm.net\/index.php?rest_route=%2Fwp%2Fv2%2Fmedia&parent=61538"}],"wp:term":[{"taxonomy":"category","embeddable":true,"href":"https:\/\/jugulajm.net\/index.php?rest_route=%2Fwp%2Fv2%2Fcategories&post=61538"},{"taxonomy":"post_tag","embeddable":true,"href":"https:\/\/jugulajm.net\/index.php?rest_route=%2Fwp%2Fv2%2Ftags&post=61538"}],"curies":[{"name":"wp","href":"https:\/\/api.w.org\/{rel}","templated":true}]}}