{"id":61491,"date":"2023-06-29T10:52:40","date_gmt":"2023-06-29T08:52:40","guid":{"rendered":"https:\/\/jugulajm.net\/?p=61491"},"modified":"2023-06-29T10:52:40","modified_gmt":"2023-06-29T08:52:40","slug":"foto-aksident-makina-perplas-kembesorin","status":"publish","type":"post","link":"https:\/\/jugulajm.net\/?p=61491","title":{"rendered":"FOTO\/ Aksident, makina p\u00ebrplas k\u00eamb\u00ebsorin"},"content":{"rendered":"<p>Nj\u00eb k\u00ebmb\u00ebsor mbeti i plagosur m\u00ebngjesin e sot\u00ebm n\u00eb aksin rrugor Kor\u00e7\u00eb-Pogradec, pasi u p\u00ebrplas nga nj\u00eb automjet.<\/p>\n<p>B\u00ebhet me dije, se ngjarja ndodhi n\u00eb vendin e quajtur kryq\u00ebzimi i Maliqit.<\/p>\n<p>Si\u00e7 shihet nga fotoi plagosuri, identiteti i t\u00eb cilit momentalisht nuk dihet, ndodhet n\u00eb mes t\u00eb rrug\u00ebs nd\u00ebrsa dy persona i vijn\u00eb n\u00eb ndihm\u00eb n\u00eb pritje t\u00eb ambulanc\u00ebs.<\/p>\n<p>Nd\u00ebrkoh\u00eb q\u00eb automjeti q\u00eb p\u00ebrplasi k\u00ebmb\u00ebsorin ndodhet n\u00eb vendin e ngjarjes.<\/p>\n<p>Policia ka nisur pun\u00ebn p\u00ebr zbardhjen e rrethanave t\u00eb k\u00ebtij aksidenti.<\/p>\n","protected":false},"excerpt":{"rendered":"<p>Nj\u00eb k\u00ebmb\u00ebsor mbeti i plagosur m\u00ebngjesin e sot\u00ebm n\u00eb aksin rrugor Kor\u00e7\u00eb-Pogradec, pasi u p\u00ebrplas nga nj\u00eb automjet. B\u00ebhet me dije, se ngjarja ndodhi n\u00eb vendin e quajtur kryq\u00ebzimi i Maliqit. Si\u00e7 shihet nga fotoi plagosuri, identiteti i t\u00eb cilit momentalisht nuk dihet, ndodhet n\u00eb mes t\u00eb rrug\u00ebs nd\u00ebrsa dy persona i vijn\u00eb n\u00eb ndihm\u00eb [&hellip;]<\/p>\n","protected":false},"author":5,"featured_media":61492,"comment_status":"closed","ping_status":"closed","sticky":false,"template":"","format":"standard","meta":{"footnotes":""},"categories":[1,6332],"tags":[23153,24454],"class_list":{"0":"post-61491","1":"post","2":"type-post","3":"status-publish","4":"format-standard","5":"has-post-thumbnail","7":"category-aktualitet","8":"category-te-fundit","9":"tag-foto-aksident","10":"tag-makina-perplas-kembesorin"},"_links":{"self":[{"href":"https:\/\/jugulajm.net\/index.php?rest_route=\/wp\/v2\/posts\/61491","targetHints":{"allow":["GET"]}}],"collection":[{"href":"https:\/\/jugulajm.net\/index.php?rest_route=\/wp\/v2\/posts"}],"about":[{"href":"https:\/\/jugulajm.net\/index.php?rest_route=\/wp\/v2\/types\/post"}],"author":[{"embeddable":true,"href":"https:\/\/jugulajm.net\/index.php?rest_route=\/wp\/v2\/users\/5"}],"replies":[{"embeddable":true,"href":"https:\/\/jugulajm.net\/index.php?rest_route=%2Fwp%2Fv2%2Fcomments&post=61491"}],"version-history":[{"count":0,"href":"https:\/\/jugulajm.net\/index.php?rest_route=\/wp\/v2\/posts\/61491\/revisions"}],"wp:featuredmedia":[{"embeddable":true,"href":"https:\/\/jugulajm.net\/index.php?rest_route=\/wp\/v2\/media\/61492"}],"wp:attachment":[{"href":"https:\/\/jugulajm.net\/index.php?rest_route=%2Fwp%2Fv2%2Fmedia&parent=61491"}],"wp:term":[{"taxonomy":"category","embeddable":true,"href":"https:\/\/jugulajm.net\/index.php?rest_route=%2Fwp%2Fv2%2Fcategories&post=61491"},{"taxonomy":"post_tag","embeddable":true,"href":"https:\/\/jugulajm.net\/index.php?rest_route=%2Fwp%2Fv2%2Ftags&post=61491"}],"curies":[{"name":"wp","href":"https:\/\/api.w.org\/{rel}","templated":true}]}}