{"id":61441,"date":"2023-06-28T13:21:20","date_gmt":"2023-06-28T11:21:20","guid":{"rendered":"https:\/\/jugulajm.net\/?p=61441"},"modified":"2023-06-28T13:21:20","modified_gmt":"2023-06-28T11:21:20","slug":"arrestohet-permetari-56-vjecar-ishte-i-dehur-ne-timon-dhe-goditi-nje-makine-tjeter","status":"publish","type":"post","link":"https:\/\/jugulajm.net\/?p=61441","title":{"rendered":"Arrestohet p\u00ebrmetari 56-vje\u00e7ar, ishte i dehur n\u00eb timon dhe goditi nj\u00eb makin\u00eb tjet\u00ebr"},"content":{"rendered":"<p>Specialist\u00ebt e Seksionit t\u00eb Trafikut Interurban dhe Urban arrestuan n\u00eb flagranc\u00eb shtetasin R. D., 56 vje\u00e7, banues n\u00eb P\u00ebrmet, pasi n\u00eb aksin rrugor \u201cP\u00ebrmet-K\u00eblcyr\u00eb\u201d, n\u00eb vendin e quajtur &#8220;Kryq\u00ebzimi i fshatit Kuqar&#8221;, duke drejtuar automjetin, n\u00eb gjendje t\u00eb dehur, ka goditur nj\u00eb automjet tjet\u00ebr dhe si pasoj\u00eb ka sjell\u00eb d\u00ebme materiale.<\/p>\n<p>Materialet procedurale i kaluan Prokuroris\u00eb pran\u00eb Gjykat\u00ebs s\u00eb Shkall\u00ebs s\u00eb Par\u00eb t\u00eb Juridiksionit t\u00eb P\u00ebrgjithsh\u00ebme Gjirokast\u00ebr, p\u00ebr veprime t\u00eb m\u00ebtejshme.<\/p>\n","protected":false},"excerpt":{"rendered":"<p>Specialist\u00ebt e Seksionit t\u00eb Trafikut Interurban dhe Urban arrestuan n\u00eb flagranc\u00eb shtetasin R. D., 56 vje\u00e7, banues n\u00eb P\u00ebrmet, pasi n\u00eb aksin rrugor \u201cP\u00ebrmet-K\u00eblcyr\u00eb\u201d, n\u00eb vendin e quajtur &#8220;Kryq\u00ebzimi i fshatit Kuqar&#8221;, duke drejtuar automjetin, n\u00eb gjendje t\u00eb dehur, ka goditur nj\u00eb automjet tjet\u00ebr dhe si pasoj\u00eb ka sjell\u00eb d\u00ebme materiale. Materialet procedurale i kaluan [&hellip;]<\/p>\n","protected":false},"author":5,"featured_media":52095,"comment_status":"closed","ping_status":"closed","sticky":false,"template":"","format":"standard","meta":{"footnotes":""},"categories":[1,6332],"tags":[24426,24427],"class_list":{"0":"post-61441","1":"post","2":"type-post","3":"status-publish","4":"format-standard","5":"has-post-thumbnail","7":"category-aktualitet","8":"category-te-fundit","9":"tag-arrestohet-permetari-56-vjecar","10":"tag-ishte-i-dehur-ne-timon-dhe-goditi-nje-makine-tjeter"},"_links":{"self":[{"href":"https:\/\/jugulajm.net\/index.php?rest_route=\/wp\/v2\/posts\/61441","targetHints":{"allow":["GET"]}}],"collection":[{"href":"https:\/\/jugulajm.net\/index.php?rest_route=\/wp\/v2\/posts"}],"about":[{"href":"https:\/\/jugulajm.net\/index.php?rest_route=\/wp\/v2\/types\/post"}],"author":[{"embeddable":true,"href":"https:\/\/jugulajm.net\/index.php?rest_route=\/wp\/v2\/users\/5"}],"replies":[{"embeddable":true,"href":"https:\/\/jugulajm.net\/index.php?rest_route=%2Fwp%2Fv2%2Fcomments&post=61441"}],"version-history":[{"count":0,"href":"https:\/\/jugulajm.net\/index.php?rest_route=\/wp\/v2\/posts\/61441\/revisions"}],"wp:featuredmedia":[{"embeddable":true,"href":"https:\/\/jugulajm.net\/index.php?rest_route=\/wp\/v2\/media\/52095"}],"wp:attachment":[{"href":"https:\/\/jugulajm.net\/index.php?rest_route=%2Fwp%2Fv2%2Fmedia&parent=61441"}],"wp:term":[{"taxonomy":"category","embeddable":true,"href":"https:\/\/jugulajm.net\/index.php?rest_route=%2Fwp%2Fv2%2Fcategories&post=61441"},{"taxonomy":"post_tag","embeddable":true,"href":"https:\/\/jugulajm.net\/index.php?rest_route=%2Fwp%2Fv2%2Ftags&post=61441"}],"curies":[{"name":"wp","href":"https:\/\/api.w.org\/{rel}","templated":true}]}}