{"id":61426,"date":"2023-06-28T08:39:15","date_gmt":"2023-06-28T06:39:15","guid":{"rendered":"https:\/\/jugulajm.net\/?p=61426"},"modified":"2023-06-28T08:39:15","modified_gmt":"2023-06-28T06:39:15","slug":"sot-besimtaret-myslimane-kremtojne-kurban-bajramin","status":"publish","type":"post","link":"https:\/\/jugulajm.net\/?p=61426","title":{"rendered":"Sot besimtar\u00ebt mysliman\u00eb kremtojn\u00eb Kurban Bajramin"},"content":{"rendered":"<p>Mij\u00ebra besimtar\u00eb mysliman\u00eb n\u00eb t\u00eb gjith\u00eb vendin festojn\u00eb sot, Kurban Bajramin. T\u00eb shumt\u00eb ishin ata q\u00eb fal\u00ebn namazin n\u00eb sheshin \u201cSk\u00ebnderbej\u201d. Kreu i KMSH, Bujar Spahiu uroi besimtar\u00ebt dhe tha se kjo dit\u00eb duhet t\u00eb sh\u00ebrbej\u00eb si nj\u00eb dit\u00eb reflektimi.<\/p>\n<p><em>\u201cT\u00eb b\u00ebhemi m\u00eb t\u00eb fort\u00eb ndaj besimit, ndaj Zotit. M\u00eb t\u00eb dashur e m\u00eb solidar\u00eb me nj\u00ebri tjetrin. T\u2019u shtrijm\u00eb dor\u00ebn e ndihm\u00ebs atyre q\u00eb kan\u00eb m\u00eb shum\u00eb nevoj\u00eb. I lutem Zotit q\u00eb n\u00eb bot\u00eb t\u00eb mbizot\u00ebroj\u00eb paqja dhe prosperiteti mes popujve<\/em>\u201d, tha Spahiu.<\/p>\n<p>Nj\u00eb mesazh n\u00eb k\u00ebt\u00eb dit\u00eb e pati edhe p\u00ebr shqiptar\u00ebt e Kosov\u00ebs<\/p>\n<p><em>\u201cI lutem Zotit q\u00eb v\u00ebllez\u00ebrit dhe motrat tona n\u00eb Kosov\u00eb t\u00eb gjejn\u00eb durimin dhe maturin\u00eb e duhur p\u00ebr t\u00eb p\u00ebrballuar situatat e fundit t\u00eb tensioneve dhe provokimeve n\u00eb Veri t\u00eb Kosov\u00ebs\u201d,\u00a0<\/em>tha kreu i KMSH-s\u00eb.<\/p>\n<p>Festa e Kurban Bajramit \u00ebsht\u00eb nj\u00eb nga dy dit\u00ebt m\u00eb t\u00eb r\u00ebnd\u00ebsishme n\u00eb kalendarin e besimtar\u00ebve mysliman\u00eb bashk\u00eb me\u00a0 Fiter Bajramin. N\u00eb k\u00ebt\u00eb dit\u00eb q\u00eb ndryshe cil\u00ebsohet edhe si festa e flijimit, nderohet gatishm\u00ebria e Ibrahimit p\u00ebr t\u00eb flijuar djalin e tij, Ismailin, si vep\u00ebr e n\u00ebnshtrimit ndaj urdhrit t\u00eb Zotit.<\/p>\n","protected":false},"excerpt":{"rendered":"<p>Mij\u00ebra besimtar\u00eb mysliman\u00eb n\u00eb t\u00eb gjith\u00eb vendin festojn\u00eb sot, Kurban Bajramin. T\u00eb shumt\u00eb ishin ata q\u00eb fal\u00ebn namazin n\u00eb sheshin \u201cSk\u00ebnderbej\u201d. Kreu i KMSH, Bujar Spahiu uroi besimtar\u00ebt dhe tha se kjo dit\u00eb duhet t\u00eb sh\u00ebrbej\u00eb si nj\u00eb dit\u00eb reflektimi. \u201cT\u00eb b\u00ebhemi m\u00eb t\u00eb fort\u00eb ndaj besimit, ndaj Zotit. M\u00eb t\u00eb dashur e m\u00eb solidar\u00eb [&hellip;]<\/p>\n","protected":false},"author":5,"featured_media":61427,"comment_status":"closed","ping_status":"closed","sticky":false,"template":"","format":"standard","meta":{"footnotes":""},"categories":[1,6332],"tags":[24420],"class_list":{"0":"post-61426","1":"post","2":"type-post","3":"status-publish","4":"format-standard","5":"has-post-thumbnail","7":"category-aktualitet","8":"category-te-fundit","9":"tag-sot-besimtaret-myslimane-kremtojne-kurban-bajramin"},"_links":{"self":[{"href":"https:\/\/jugulajm.net\/index.php?rest_route=\/wp\/v2\/posts\/61426","targetHints":{"allow":["GET"]}}],"collection":[{"href":"https:\/\/jugulajm.net\/index.php?rest_route=\/wp\/v2\/posts"}],"about":[{"href":"https:\/\/jugulajm.net\/index.php?rest_route=\/wp\/v2\/types\/post"}],"author":[{"embeddable":true,"href":"https:\/\/jugulajm.net\/index.php?rest_route=\/wp\/v2\/users\/5"}],"replies":[{"embeddable":true,"href":"https:\/\/jugulajm.net\/index.php?rest_route=%2Fwp%2Fv2%2Fcomments&post=61426"}],"version-history":[{"count":0,"href":"https:\/\/jugulajm.net\/index.php?rest_route=\/wp\/v2\/posts\/61426\/revisions"}],"wp:featuredmedia":[{"embeddable":true,"href":"https:\/\/jugulajm.net\/index.php?rest_route=\/wp\/v2\/media\/61427"}],"wp:attachment":[{"href":"https:\/\/jugulajm.net\/index.php?rest_route=%2Fwp%2Fv2%2Fmedia&parent=61426"}],"wp:term":[{"taxonomy":"category","embeddable":true,"href":"https:\/\/jugulajm.net\/index.php?rest_route=%2Fwp%2Fv2%2Fcategories&post=61426"},{"taxonomy":"post_tag","embeddable":true,"href":"https:\/\/jugulajm.net\/index.php?rest_route=%2Fwp%2Fv2%2Ftags&post=61426"}],"curies":[{"name":"wp","href":"https:\/\/api.w.org\/{rel}","templated":true}]}}