{"id":61359,"date":"2023-06-26T20:52:31","date_gmt":"2023-06-26T18:52:31","guid":{"rendered":"https:\/\/jugulajm.net\/?p=61359"},"modified":"2023-06-26T20:52:51","modified_gmt":"2023-06-26T18:52:51","slug":"emri-gjendet-i-mbytur-46-vjecari-ishte-shpallur-i-zhdukur-nga-familja","status":"publish","type":"post","link":"https:\/\/jugulajm.net\/?p=61359","title":{"rendered":"EMRI\/ Gjendet i mbytur 46-vje\u00e7ari, ishte shpallur i zhdukur nga familja"},"content":{"rendered":"<p>Nj\u00eb trup i pajet\u00eb \u00ebsht\u00eb gjetur n\u00eb lumin Shkumbin n\u00eb af\u00ebrsi t\u00eb fshatit Pap\u00ebr n\u00eb Elbasan. Dyshohet se trupi i pajet\u00eb i p\u00ebrket 46-vje\u00e7arit Blerim Pre\u00e7i.<\/p>\n<p>Kat\u00ebr dit\u00eb pas zhdukjes, polumbar\u00ebt e forcave elit\u00eb RENEA kan\u00eb gjetur trupin e pajet\u00eb t\u00eb 46-vje\u00e7arit q\u00eb u denoncua i humnur nga familjar\u00ebt.<\/p>\n<div class=\"ads_desktop\">\n<p>Prej t\u00eb enjtes s\u00eb 22 qershorit blut\u00eb nis\u00ebn k\u00ebrkimet n\u00eb uj\u00ebrat e lumit \u201cShkumbin\u201d, pas denoncimit n\u00eb polici t\u00eb v\u00ebllait t\u00eb tij.<\/p>\n<\/div>\n<p>Dit\u00ebn e humbjes s\u00eb kontakteve me familjes, Blerim Pre\u00e7i kishte qen\u00eb duke punuar nj\u00eb sip\u00ebrfaqe toke q\u00eb e kishte buz\u00eb lumit, dhe gjat\u00eb denoncimit v\u00ebllai i tha Policis\u00eb s\u00eb Elbasanit se kishte dyshime se mund ta ket\u00eb marr\u00eb rrjedha e ujit pas kthimit p\u00ebr n\u00eb banes\u00eb, n\u00eb m\u00ebnyr\u00eb aksidentale.<\/p>\n<p>Me marrjen e njoftimit, policia u ndihmua nga RENEA dhe gjetja e trupit u b\u00eb k\u00ebt\u00eb t\u00eb h\u00ebn\u00eb, n\u00eb shtratin e lumit \u201cShkumbin\u201d.<\/p>\n","protected":false},"excerpt":{"rendered":"<p>Nj\u00eb trup i pajet\u00eb \u00ebsht\u00eb gjetur n\u00eb lumin Shkumbin n\u00eb af\u00ebrsi t\u00eb fshatit Pap\u00ebr n\u00eb Elbasan. Dyshohet se trupi i pajet\u00eb i p\u00ebrket 46-vje\u00e7arit Blerim Pre\u00e7i. Kat\u00ebr dit\u00eb pas zhdukjes, polumbar\u00ebt e forcave elit\u00eb RENEA kan\u00eb gjetur trupin e pajet\u00eb t\u00eb 46-vje\u00e7arit q\u00eb u denoncua i humnur nga familjar\u00ebt. Prej t\u00eb enjtes s\u00eb 22 qershorit [&hellip;]<\/p>\n","protected":false},"author":5,"featured_media":55186,"comment_status":"closed","ping_status":"closed","sticky":false,"template":"","format":"standard","meta":{"footnotes":""},"categories":[1,6332],"tags":[24386,24387],"class_list":{"0":"post-61359","1":"post","2":"type-post","3":"status-publish","4":"format-standard","5":"has-post-thumbnail","7":"category-aktualitet","8":"category-te-fundit","9":"tag-emri-gjendet-i-pajete-46-vjecari","10":"tag-ishte-shpallur-i-zhdukur-nga-familja"},"_links":{"self":[{"href":"https:\/\/jugulajm.net\/index.php?rest_route=\/wp\/v2\/posts\/61359","targetHints":{"allow":["GET"]}}],"collection":[{"href":"https:\/\/jugulajm.net\/index.php?rest_route=\/wp\/v2\/posts"}],"about":[{"href":"https:\/\/jugulajm.net\/index.php?rest_route=\/wp\/v2\/types\/post"}],"author":[{"embeddable":true,"href":"https:\/\/jugulajm.net\/index.php?rest_route=\/wp\/v2\/users\/5"}],"replies":[{"embeddable":true,"href":"https:\/\/jugulajm.net\/index.php?rest_route=%2Fwp%2Fv2%2Fcomments&post=61359"}],"version-history":[{"count":0,"href":"https:\/\/jugulajm.net\/index.php?rest_route=\/wp\/v2\/posts\/61359\/revisions"}],"wp:featuredmedia":[{"embeddable":true,"href":"https:\/\/jugulajm.net\/index.php?rest_route=\/wp\/v2\/media\/55186"}],"wp:attachment":[{"href":"https:\/\/jugulajm.net\/index.php?rest_route=%2Fwp%2Fv2%2Fmedia&parent=61359"}],"wp:term":[{"taxonomy":"category","embeddable":true,"href":"https:\/\/jugulajm.net\/index.php?rest_route=%2Fwp%2Fv2%2Fcategories&post=61359"},{"taxonomy":"post_tag","embeddable":true,"href":"https:\/\/jugulajm.net\/index.php?rest_route=%2Fwp%2Fv2%2Ftags&post=61359"}],"curies":[{"name":"wp","href":"https:\/\/api.w.org\/{rel}","templated":true}]}}