{"id":61290,"date":"2023-06-25T22:34:13","date_gmt":"2023-06-25T20:34:13","guid":{"rendered":"https:\/\/jugulajm.net\/?p=61290"},"modified":"2023-06-25T22:34:13","modified_gmt":"2023-06-25T20:34:13","slug":"emrat-ja-kush-jane-2-vellezerit-qe-mbeten-te-vrare-kete-mbremje-ne-gjakove","status":"publish","type":"post","link":"https:\/\/jugulajm.net\/?p=61290","title":{"rendered":"EMRAT\/ Ja kush jan\u00eb 2 v\u00ebllez\u00ebrit q\u00eb mbet\u00ebn t\u00eb vrar\u00eb k\u00ebt\u00eb mbr\u00ebmje n\u00eb Gjakov\u00eb"},"content":{"rendered":"<p>Dy v\u00ebllez\u00ebr kan\u00eb mbetur t\u00eb vrar\u00eb n\u00eb Gjakov\u00eb, teksa autori \u00ebsht\u00eb arratisur.<\/p>\n<p>Nd\u00ebrkoh\u00eb, jan\u00eb m\u00ebsuar edhe \u00a0emrat e viktimave.<\/p>\n<p>B\u00ebhet fjal\u00eb p\u00ebr Blerim Islamaj, i lindur n\u00eb vitin 1981 dhe Haxhi Islamaj, i lindur n\u00eb vitin 1985.<\/p>\n<p>Krimin m\u00eb her\u00ebt e ka konfirmuar Sheremet Elezaj, z\u00ebdh\u00ebn\u00ebs i Policis\u00eb s\u00eb Kosov\u00ebs p\u00ebr rajonin e Gjakov\u00ebs.<\/p>\n<p><em>Mund t\u2019ju konfirmoj se sonte rreth or\u00ebs 20:20 kemi pranuar informat\u00eb se n\u00eb fshatin Madanaj-Gjakov\u00eb dy persona dyshohet t\u00eb jen\u00eb q\u00eblluar me arm\u00eb zjarri. Policia ka dal\u00eb n\u00eb vendin e ngjarjes, nd\u00ebrsa ekipi mjek\u00ebsor ka konstatuar vdekjen e dy personave meshkuj t\u00eb mosh\u00ebs madhore. N\u00eb k\u00ebto momente jan\u00eb duke u nd\u00ebrmarr t\u00eb gjitha veprimet e nevojshme hetimore lidhur me rastin\u201d<\/em>, ka th\u00ebn\u00eb ai<\/p>\n","protected":false},"excerpt":{"rendered":"<p>Dy v\u00ebllez\u00ebr kan\u00eb mbetur t\u00eb vrar\u00eb n\u00eb Gjakov\u00eb, teksa autori \u00ebsht\u00eb arratisur. Nd\u00ebrkoh\u00eb, jan\u00eb m\u00ebsuar edhe \u00a0emrat e viktimave. B\u00ebhet fjal\u00eb p\u00ebr Blerim Islamaj, i lindur n\u00eb vitin 1981 dhe Haxhi Islamaj, i lindur n\u00eb vitin 1985. Krimin m\u00eb her\u00ebt e ka konfirmuar Sheremet Elezaj, z\u00ebdh\u00ebn\u00ebs i Policis\u00eb s\u00eb Kosov\u00ebs p\u00ebr rajonin e Gjakov\u00ebs. Mund [&hellip;]<\/p>\n","protected":false},"author":5,"featured_media":61291,"comment_status":"closed","ping_status":"closed","sticky":false,"template":"","format":"standard","meta":{"footnotes":""},"categories":[1,6332],"tags":[24360],"class_list":{"0":"post-61290","1":"post","2":"type-post","3":"status-publish","4":"format-standard","5":"has-post-thumbnail","7":"category-aktualitet","8":"category-te-fundit","9":"tag-emrat-ja-kush-jane-2-vellezerit-qe-mbeten-te-vrare-kete-mbremje-ne-gjakove"},"_links":{"self":[{"href":"https:\/\/jugulajm.net\/index.php?rest_route=\/wp\/v2\/posts\/61290","targetHints":{"allow":["GET"]}}],"collection":[{"href":"https:\/\/jugulajm.net\/index.php?rest_route=\/wp\/v2\/posts"}],"about":[{"href":"https:\/\/jugulajm.net\/index.php?rest_route=\/wp\/v2\/types\/post"}],"author":[{"embeddable":true,"href":"https:\/\/jugulajm.net\/index.php?rest_route=\/wp\/v2\/users\/5"}],"replies":[{"embeddable":true,"href":"https:\/\/jugulajm.net\/index.php?rest_route=%2Fwp%2Fv2%2Fcomments&post=61290"}],"version-history":[{"count":0,"href":"https:\/\/jugulajm.net\/index.php?rest_route=\/wp\/v2\/posts\/61290\/revisions"}],"wp:featuredmedia":[{"embeddable":true,"href":"https:\/\/jugulajm.net\/index.php?rest_route=\/wp\/v2\/media\/61291"}],"wp:attachment":[{"href":"https:\/\/jugulajm.net\/index.php?rest_route=%2Fwp%2Fv2%2Fmedia&parent=61290"}],"wp:term":[{"taxonomy":"category","embeddable":true,"href":"https:\/\/jugulajm.net\/index.php?rest_route=%2Fwp%2Fv2%2Fcategories&post=61290"},{"taxonomy":"post_tag","embeddable":true,"href":"https:\/\/jugulajm.net\/index.php?rest_route=%2Fwp%2Fv2%2Ftags&post=61290"}],"curies":[{"name":"wp","href":"https:\/\/api.w.org\/{rel}","templated":true}]}}