{"id":61264,"date":"2023-06-25T16:28:12","date_gmt":"2023-06-25T14:28:12","guid":{"rendered":"https:\/\/jugulajm.net\/?p=61264"},"modified":"2023-06-25T16:29:25","modified_gmt":"2023-06-25T14:29:25","slug":"emri-foto-ra-nga-stiva-e-barit-22-vjecari-nderron-jete","status":"publish","type":"post","link":"https:\/\/jugulajm.net\/?p=61264","title":{"rendered":"EMRI-FOTO\/ Ra nga stiva e barit, nd\u00ebrron jet\u00eb 22-vje\u00e7ari"},"content":{"rendered":"<p>Nj\u00eb 22-vje\u00e7ar ka humbur jet\u00ebn.<\/p>\n<p>Ngjarja ka ndodhur mbr\u00ebmjen e djeshme n\u00eb fshatin Sh\u00ebnd\u00eblli n\u00eb Konispol.<\/p>\n<p>M\u00ebsohet se Kristi Doda, ka qen\u00eb duke ngarkuar mjetin bashk\u00eb me baban\u00eb e tij me bar.<\/p>\n<p>Sipas t\u00eb dh\u00ebnave t\u00eb para, dyshohet se ai ka r\u00ebn\u00eb aksidentalisht, dhe ka marr\u00eb d\u00ebmtime t\u00eb r\u00ebnda.<\/p>\n<p>I riu \u00ebsht\u00eb transportuar menj\u00ebher\u00eb n\u00eb spitalin e Sarand\u00ebs, por fatkeq\u00ebsisht nuk ka mundur t\u2019i mbijetoj\u00eb plag\u00ebve t\u00eb marra dhe ka nd\u00ebrruar jet\u00eb.<\/p>\n","protected":false},"excerpt":{"rendered":"<p>Nj\u00eb 22-vje\u00e7ar ka humbur jet\u00ebn. Ngjarja ka ndodhur mbr\u00ebmjen e djeshme n\u00eb fshatin Sh\u00ebnd\u00eblli n\u00eb Konispol. M\u00ebsohet se Kristi Doda, ka qen\u00eb duke ngarkuar mjetin bashk\u00eb me baban\u00eb e tij me bar. Sipas t\u00eb dh\u00ebnave t\u00eb para, dyshohet se ai ka r\u00ebn\u00eb aksidentalisht, dhe ka marr\u00eb d\u00ebmtime t\u00eb r\u00ebnda. I riu \u00ebsht\u00eb transportuar menj\u00ebher\u00eb n\u00eb [&hellip;]<\/p>\n","protected":false},"author":5,"featured_media":61265,"comment_status":"closed","ping_status":"closed","sticky":false,"template":"","format":"standard","meta":{"footnotes":""},"categories":[1,6332],"tags":[24346,24345],"class_list":{"0":"post-61264","1":"post","2":"type-post","3":"status-publish","4":"format-standard","5":"has-post-thumbnail","7":"category-aktualitet","8":"category-te-fundit","9":"tag-22-vjecari-nderron-jete","10":"tag-emri-foto-ra-nga-stiva-e-barit"},"_links":{"self":[{"href":"https:\/\/jugulajm.net\/index.php?rest_route=\/wp\/v2\/posts\/61264","targetHints":{"allow":["GET"]}}],"collection":[{"href":"https:\/\/jugulajm.net\/index.php?rest_route=\/wp\/v2\/posts"}],"about":[{"href":"https:\/\/jugulajm.net\/index.php?rest_route=\/wp\/v2\/types\/post"}],"author":[{"embeddable":true,"href":"https:\/\/jugulajm.net\/index.php?rest_route=\/wp\/v2\/users\/5"}],"replies":[{"embeddable":true,"href":"https:\/\/jugulajm.net\/index.php?rest_route=%2Fwp%2Fv2%2Fcomments&post=61264"}],"version-history":[{"count":0,"href":"https:\/\/jugulajm.net\/index.php?rest_route=\/wp\/v2\/posts\/61264\/revisions"}],"wp:featuredmedia":[{"embeddable":true,"href":"https:\/\/jugulajm.net\/index.php?rest_route=\/wp\/v2\/media\/61265"}],"wp:attachment":[{"href":"https:\/\/jugulajm.net\/index.php?rest_route=%2Fwp%2Fv2%2Fmedia&parent=61264"}],"wp:term":[{"taxonomy":"category","embeddable":true,"href":"https:\/\/jugulajm.net\/index.php?rest_route=%2Fwp%2Fv2%2Fcategories&post=61264"},{"taxonomy":"post_tag","embeddable":true,"href":"https:\/\/jugulajm.net\/index.php?rest_route=%2Fwp%2Fv2%2Ftags&post=61264"}],"curies":[{"name":"wp","href":"https:\/\/api.w.org\/{rel}","templated":true}]}}