{"id":61237,"date":"2023-06-25T09:48:16","date_gmt":"2023-06-25T07:48:16","guid":{"rendered":"https:\/\/jugulajm.net\/?p=61237"},"modified":"2023-06-25T09:48:16","modified_gmt":"2023-06-25T07:48:16","slug":"tmerr-moti-i-keq-ne-peje-rruget-kthehen-ne-lumenj-nena-dhe-djali-5-vjecar-humbin-jeten","status":"publish","type":"post","link":"https:\/\/jugulajm.net\/?p=61237","title":{"rendered":"Tmerr\/ Moti i keq n\u00eb Pej\u00eb, rrug\u00ebt kthehen n\u00eb lumenj, n\u00ebna dhe djali 5-vje\u00e7ar humbin jet\u00ebn"},"content":{"rendered":"<p>Gjendje e jasht\u00ebzakonshme n\u00eb Pej\u00eb nga p\u00ebrmbytjet.<\/p>\n<p>Moti i keq me stuhi dhe shi t\u00eb rr\u00ebmbyesh\u00ebm shkaktuan nj\u00eb situat\u00eb t\u00eb v\u00ebshtir\u00eb mbr\u00ebmjen e kaluar n\u00eb qytetin e Pej\u00ebs.<\/p>\n<p>\u2022Uji i rr\u00ebmbyesh\u00ebm v\u00ebshoi n\u00ebp\u00ebr rrug\u00ebt e qytetit. \u2022Nj\u00eb grua dhe f\u00ebmija i saj 5 vje\u00e7 kan\u00eb humbur jet\u00ebn n\u00eb lagjen &#8220;Asllan \u00c7eshme&#8221;. \u2022 2 persona jan\u00eb n\u00eb spital n\u00eb trajtim intensiv pasi jan\u00eb l\u00ebnduar.<\/p>\n<p>Ministri i Mbrojtjes Armend Mehaj e cil\u00ebsoi gjendjen t\u00eb r\u00ebnd\u00eb.\u2022 Pritet q\u00eb sot t\u00eb ket\u00eb nj\u00eb vler\u00ebsim t\u00eb d\u00ebmeve dhe t\u00eb personave t\u00eb tjer\u00eb q\u00eb jan\u00eb l\u00ebnduar.<\/p>\n","protected":false},"excerpt":{"rendered":"<p>Gjendje e jasht\u00ebzakonshme n\u00eb Pej\u00eb nga p\u00ebrmbytjet. Moti i keq me stuhi dhe shi t\u00eb rr\u00ebmbyesh\u00ebm shkaktuan nj\u00eb situat\u00eb t\u00eb v\u00ebshtir\u00eb mbr\u00ebmjen e kaluar n\u00eb qytetin e Pej\u00ebs. \u2022Uji i rr\u00ebmbyesh\u00ebm v\u00ebshoi n\u00ebp\u00ebr rrug\u00ebt e qytetit. \u2022Nj\u00eb grua dhe f\u00ebmija i saj 5 vje\u00e7 kan\u00eb humbur jet\u00ebn n\u00eb lagjen &#8220;Asllan \u00c7eshme&#8221;. \u2022 2 persona jan\u00eb [&hellip;]<\/p>\n","protected":false},"author":5,"featured_media":61238,"comment_status":"closed","ping_status":"closed","sticky":false,"template":"","format":"standard","meta":{"footnotes":""},"categories":[1,6332],"tags":[24329,24328,24327],"class_list":{"0":"post-61237","1":"post","2":"type-post","3":"status-publish","4":"format-standard","5":"has-post-thumbnail","7":"category-aktualitet","8":"category-te-fundit","9":"tag-nena-dhe-djali-5-vjecar-humbin-jeten","10":"tag-rruget-kthehen-ne-lumenj","11":"tag-tmerr-moti-i-keq-ne-peje"},"_links":{"self":[{"href":"https:\/\/jugulajm.net\/index.php?rest_route=\/wp\/v2\/posts\/61237","targetHints":{"allow":["GET"]}}],"collection":[{"href":"https:\/\/jugulajm.net\/index.php?rest_route=\/wp\/v2\/posts"}],"about":[{"href":"https:\/\/jugulajm.net\/index.php?rest_route=\/wp\/v2\/types\/post"}],"author":[{"embeddable":true,"href":"https:\/\/jugulajm.net\/index.php?rest_route=\/wp\/v2\/users\/5"}],"replies":[{"embeddable":true,"href":"https:\/\/jugulajm.net\/index.php?rest_route=%2Fwp%2Fv2%2Fcomments&post=61237"}],"version-history":[{"count":0,"href":"https:\/\/jugulajm.net\/index.php?rest_route=\/wp\/v2\/posts\/61237\/revisions"}],"wp:featuredmedia":[{"embeddable":true,"href":"https:\/\/jugulajm.net\/index.php?rest_route=\/wp\/v2\/media\/61238"}],"wp:attachment":[{"href":"https:\/\/jugulajm.net\/index.php?rest_route=%2Fwp%2Fv2%2Fmedia&parent=61237"}],"wp:term":[{"taxonomy":"category","embeddable":true,"href":"https:\/\/jugulajm.net\/index.php?rest_route=%2Fwp%2Fv2%2Fcategories&post=61237"},{"taxonomy":"post_tag","embeddable":true,"href":"https:\/\/jugulajm.net\/index.php?rest_route=%2Fwp%2Fv2%2Ftags&post=61237"}],"curies":[{"name":"wp","href":"https:\/\/api.w.org\/{rel}","templated":true}]}}