{"id":61117,"date":"2023-06-23T10:38:20","date_gmt":"2023-06-23T08:38:20","guid":{"rendered":"https:\/\/jugulajm.net\/?p=61117"},"modified":"2023-06-23T10:38:20","modified_gmt":"2023-06-23T08:38:20","slug":"lajm-i-fundit-humb-jeten-ne-shqiperi-policja-greke-e-frontex-ja-dyshimet","status":"publish","type":"post","link":"https:\/\/jugulajm.net\/?p=61117","title":{"rendered":"LAJM I FUNDIT\/ Humb jet\u00ean n\u00eb Shqip\u00ebri policja greke e FRONTEX, ja dyshimet&#8230;"},"content":{"rendered":"<p>Nj\u00eb efektive e FRONTEX, me origjin\u00eb nga Greqia ka nd\u00ebrruar jet\u00eb n\u00eb Spitalin e Kor\u00e7\u00ebs.<\/p>\n<p>Sipas informacioneve 45-vje\u00e7arja me inicialet O.K prej koh\u00ebsh punonte n\u00eb v\u00ebzhgimin e kufijve shqiptar\u00eb si pjes\u00eb e forcave partnere.<\/p>\n<p>Nd\u00ebrkoh\u00eb burime t\u00eb konfirmuara b\u00ebjn\u00eb t\u00eb ditur se kemi t\u00eb b\u00ebjm\u00eb me nj\u00eb vdekje natyrore.<\/p>\n<p>Sipas tyre efektivja 45 vje\u00e7are vuante nga nj\u00eb s\u00ebmundje e pash\u00ebrueshme, p\u00ebr t\u00eb cil\u00ebn pas krizave \u00ebsht\u00eb transportuar n\u00eb spital, aty ku dhe nd\u00ebrroi jet\u00eb.<\/p>\n<p>Ajo m\u00eb her\u00ebt i ishte n\u00ebnshtruar nj\u00eb nd\u00ebrhyrje kirurgjikale. Trupi i pajet\u00eb ndodhet n\u00eb morgun e Kor\u00e7\u00ebs.<\/p>\n","protected":false},"excerpt":{"rendered":"<p>Nj\u00eb efektive e FRONTEX, me origjin\u00eb nga Greqia ka nd\u00ebrruar jet\u00eb n\u00eb Spitalin e Kor\u00e7\u00ebs. Sipas informacioneve 45-vje\u00e7arja me inicialet O.K prej koh\u00ebsh punonte n\u00eb v\u00ebzhgimin e kufijve shqiptar\u00eb si pjes\u00eb e forcave partnere. Nd\u00ebrkoh\u00eb burime t\u00eb konfirmuara b\u00ebjn\u00eb t\u00eb ditur se kemi t\u00eb b\u00ebjm\u00eb me nj\u00eb vdekje natyrore. Sipas tyre efektivja 45 vje\u00e7are vuante [&hellip;]<\/p>\n","protected":false},"author":5,"featured_media":55169,"comment_status":"closed","ping_status":"closed","sticky":false,"template":"","format":"standard","meta":{"footnotes":""},"categories":[1,6332],"tags":[20344,24269],"class_list":{"0":"post-61117","1":"post","2":"type-post","3":"status-publish","4":"format-standard","5":"has-post-thumbnail","7":"category-aktualitet","8":"category-te-fundit","9":"tag-ja-dyshimet","10":"tag-lajm-i-fundit-humb-jeten-ne-shqiperi-policja-greke-e-frontex"},"_links":{"self":[{"href":"https:\/\/jugulajm.net\/index.php?rest_route=\/wp\/v2\/posts\/61117","targetHints":{"allow":["GET"]}}],"collection":[{"href":"https:\/\/jugulajm.net\/index.php?rest_route=\/wp\/v2\/posts"}],"about":[{"href":"https:\/\/jugulajm.net\/index.php?rest_route=\/wp\/v2\/types\/post"}],"author":[{"embeddable":true,"href":"https:\/\/jugulajm.net\/index.php?rest_route=\/wp\/v2\/users\/5"}],"replies":[{"embeddable":true,"href":"https:\/\/jugulajm.net\/index.php?rest_route=%2Fwp%2Fv2%2Fcomments&post=61117"}],"version-history":[{"count":0,"href":"https:\/\/jugulajm.net\/index.php?rest_route=\/wp\/v2\/posts\/61117\/revisions"}],"wp:featuredmedia":[{"embeddable":true,"href":"https:\/\/jugulajm.net\/index.php?rest_route=\/wp\/v2\/media\/55169"}],"wp:attachment":[{"href":"https:\/\/jugulajm.net\/index.php?rest_route=%2Fwp%2Fv2%2Fmedia&parent=61117"}],"wp:term":[{"taxonomy":"category","embeddable":true,"href":"https:\/\/jugulajm.net\/index.php?rest_route=%2Fwp%2Fv2%2Fcategories&post=61117"},{"taxonomy":"post_tag","embeddable":true,"href":"https:\/\/jugulajm.net\/index.php?rest_route=%2Fwp%2Fv2%2Ftags&post=61117"}],"curies":[{"name":"wp","href":"https:\/\/api.w.org\/{rel}","templated":true}]}}