{"id":61096,"date":"2023-06-22T20:37:12","date_gmt":"2023-06-22T18:37:12","guid":{"rendered":"https:\/\/jugulajm.net\/?p=61096"},"modified":"2023-06-22T20:37:12","modified_gmt":"2023-06-22T18:37:12","slug":"djali-dhunoi-babain-ngjarja-raportohet-si-aksidentale","status":"publish","type":"post","link":"https:\/\/jugulajm.net\/?p=61096","title":{"rendered":"Djali dhunoi babain, ngjarja raportohet si aksidentale"},"content":{"rendered":"<p>U raportua fillimisht si ngjarje aksidentale, por pas hetimeve t\u00eb thelluara nga grupi hetimor zbardhet ngjarja e ndodhur mesdit\u00ebn e sotme n\u00eb lagjen nr. 17, Kor\u00e7\u00eb, ku u d\u00ebmtua me mjete t\u00eb forta nj\u00eb 52-vje\u00e7ar.<\/p>\n<p>Vihet n\u00eb pranga djali i tij, i cili goditi me mjete t\u00eb forta babain, pas nj\u00eb konflikti p\u00ebr motive t\u00eb dob\u00ebta.<\/p>\n<p>Sh\u00ebrbimet e Komisariatit t\u00eb Policis\u00eb Kor\u00e7\u00eb, mesdit\u00ebn e sotme, pas marrjes s\u00eb njoftimit se n\u00eb spitalin e Kor\u00e7\u00ebs, kishte shkuar i d\u00ebmtuar n\u00eb kok\u00eb shtetasi A. K., 52 vje\u00e7, banues n\u00eb fshatin Vranisht, Devoll, menj\u00ebher\u00eb kan\u00eb shkuar n\u00eb spital me q\u00ebllim verifikimin e rastit. Fillimisht 52-vje\u00e7ari ka deklaruar se ishte d\u00ebmtuar gjat\u00eb koh\u00ebs kur po punonte n\u00eb punishten e tij n\u00eb lagjen nr. 17, Kor\u00e7\u00eb, ku i kishin r\u00ebn\u00eb disa mjete t\u00eb forta n\u00eb kok\u00eb.<\/p>\n<p>Pas hetimeve t\u00eb thelluara t\u00eb kryera nga grupi hetimor, k\u00ebqyrja e pamjeve filmike t\u00eb vendngjarjes dhe provave t\u00eb tjera t\u00eb grumbulluara, u b\u00eb e mundur zbardhja e plot\u00eb e rrethanave t\u00eb k\u00ebsaj ngjarjeje, ku rezultoi se 52-vje\u00e7ari ishte goditur me mjete t\u00eb forta nga djali i tij shtetasi A. K., 24 vje\u00e7, gjat\u00eb nj\u00eb konflikti p\u00ebr motive t\u00eb dob\u00ebta.<\/p>\n<p>N\u00eb vijim t\u00eb veprimeve procedurale, u b\u00eb arrestimi n\u00eb flagranc\u00eb i shtetasit A. K., 24 vje\u00e7, p\u00ebr vepr\u00ebn penale \u201cDhuna n\u00eb familje\u201d, nd\u00ebrsa 52-vje\u00e7ari u transportua n\u00eb Tiran\u00eb p\u00ebr mjekim t\u00eb specializuar.<\/p>\n<p>Materialet i kaluan Prokuroris\u00eb pran\u00eb Gjykat\u00ebs s\u00eb Shkall\u00ebs s\u00eb Par\u00eb t\u00eb Juridiksionit t\u00eb P\u00ebrgjithsh\u00ebm Kor\u00e7\u00eb, p\u00ebr veprime t\u00eb m\u00ebtejshme.<\/p>\n","protected":false},"excerpt":{"rendered":"<p>U raportua fillimisht si ngjarje aksidentale, por pas hetimeve t\u00eb thelluara nga grupi hetimor zbardhet ngjarja e ndodhur mesdit\u00ebn e sotme n\u00eb lagjen nr. 17, Kor\u00e7\u00eb, ku u d\u00ebmtua me mjete t\u00eb forta nj\u00eb 52-vje\u00e7ar. Vihet n\u00eb pranga djali i tij, i cili goditi me mjete t\u00eb forta babain, pas nj\u00eb konflikti p\u00ebr motive t\u00eb [&hellip;]<\/p>\n","protected":false},"author":5,"featured_media":52254,"comment_status":"closed","ping_status":"closed","sticky":false,"template":"","format":"standard","meta":{"footnotes":""},"categories":[1,6332],"tags":[24262,24263],"class_list":{"0":"post-61096","1":"post","2":"type-post","3":"status-publish","4":"format-standard","5":"has-post-thumbnail","7":"category-aktualitet","8":"category-te-fundit","9":"tag-djali-dhunoi-babain","10":"tag-ngjarja-raportohet-si-aksidentale"},"_links":{"self":[{"href":"https:\/\/jugulajm.net\/index.php?rest_route=\/wp\/v2\/posts\/61096","targetHints":{"allow":["GET"]}}],"collection":[{"href":"https:\/\/jugulajm.net\/index.php?rest_route=\/wp\/v2\/posts"}],"about":[{"href":"https:\/\/jugulajm.net\/index.php?rest_route=\/wp\/v2\/types\/post"}],"author":[{"embeddable":true,"href":"https:\/\/jugulajm.net\/index.php?rest_route=\/wp\/v2\/users\/5"}],"replies":[{"embeddable":true,"href":"https:\/\/jugulajm.net\/index.php?rest_route=%2Fwp%2Fv2%2Fcomments&post=61096"}],"version-history":[{"count":0,"href":"https:\/\/jugulajm.net\/index.php?rest_route=\/wp\/v2\/posts\/61096\/revisions"}],"wp:featuredmedia":[{"embeddable":true,"href":"https:\/\/jugulajm.net\/index.php?rest_route=\/wp\/v2\/media\/52254"}],"wp:attachment":[{"href":"https:\/\/jugulajm.net\/index.php?rest_route=%2Fwp%2Fv2%2Fmedia&parent=61096"}],"wp:term":[{"taxonomy":"category","embeddable":true,"href":"https:\/\/jugulajm.net\/index.php?rest_route=%2Fwp%2Fv2%2Fcategories&post=61096"},{"taxonomy":"post_tag","embeddable":true,"href":"https:\/\/jugulajm.net\/index.php?rest_route=%2Fwp%2Fv2%2Ftags&post=61096"}],"curies":[{"name":"wp","href":"https:\/\/api.w.org\/{rel}","templated":true}]}}