{"id":61075,"date":"2023-06-22T14:37:38","date_gmt":"2023-06-22T12:37:38","guid":{"rendered":"https:\/\/jugulajm.net\/?p=61075"},"modified":"2023-06-22T14:37:38","modified_gmt":"2023-06-22T12:37:38","slug":"video-emrat-burri-hedh-gruan-e-tij-nga-shkallet-55-vjecarja-perfundon-rende-ne-spital","status":"publish","type":"post","link":"https:\/\/jugulajm.net\/?p=61075","title":{"rendered":"VIDEO-EMRAT\/ Burri hedh gruan e tij nga shkall\u00ebt, 55-vje\u00e7arja p\u00ebrfundon r\u00ebnd\u00eb n\u00eb spital"},"content":{"rendered":"<p>Nj\u00eb ngjarje e r\u00ebnd\u00eb dhune ka ndodhur brenda nj\u00eb familje n\u00eb Kor\u00e7\u00eb.<\/p>\n<p>Ngjarja ka ndodhur 6 dit\u00eb m\u00eb par\u00eb, kur Fatos Mulla ka hedhur nga shkall\u00ebt e sht\u00ebpis\u00eb private bashk\u00ebshorten e tij, D.Mulla 55 vje\u00e7, duke i shkaktuar thyerje t\u00eb k\u00ebmb\u00ebs s\u00eb djatht\u00eb.<\/p>\n<p>B\u00ebhet e ditur se bashk\u00ebshorti e ka mbajtur 55-vje\u00e7aren n\u00eb banes\u00eb deri dit\u00ebn e djeshme e m\u00eb pas e ka d\u00ebrguar n\u00eb spital, ku e dhunuara ka treguar se si ka ndodhur ngjarja.<\/p>\n<p>Ajo ka th\u00ebn\u00eb se shkak p\u00ebr ngjarjen \u00ebsht\u00eb b\u00ebr\u00eb nj\u00eb motiv banal, nj\u00eb got\u00eb vaji.<\/p>\n<p><iframe loading=\"lazy\" class=\"entered litespeed-loaded\" title=\"YouTube video player\" src=\"https:\/\/www.youtube.com\/embed\/pQ27U3M1cQw\" width=\"560\" height=\"315\" frameborder=\"0\" allowfullscreen=\"allowfullscreen\" data-lazyloaded=\"1\" data-src=\"https:\/\/www.youtube.com\/embed\/pQ27U3M1cQw\" data-ll-status=\"loaded\" data-mce-fragment=\"1\"><\/iframe><\/p>\n<p>55-vje\u00e7arja ka probleme sh\u00ebndet\u00ebsore pasi ka p\u00ebsuar paraliz\u00eb dhe vuan nga zemra, pra konsiderohet si person invalid.<\/p>\n<p>Ajo ka treguar se bashk\u00ebshorti e dhunonte prej koh\u00ebsh, nd\u00ebrsa nuk ka guxuar ta denoncoj\u00eb p\u00ebr shkak t\u00eb frik\u00ebs.<\/p>\n<p>E dhunuara ka b\u00ebr\u00eb denoncimin sot para uniformave blu, nd\u00ebrsa bashk\u00ebshorti Fatos Mulla u shoq\u00ebrua n\u00eb komisariat p\u00ebr t\u00eb dh\u00ebn\u00eb deklarat\u00ebn e tij.<\/p>\n<p>P\u00ebrgjat\u00eb k\u00ebtyre dit\u00ebve, bashk\u00ebshorti nuk e ka lejuar t\u00eb kontaktoj\u00eb me familjar\u00ebt e saj. M\u00ebsohet se vajza e vetme e \u00e7iftit jeton prej vitesh n\u00eb Itali.<\/p>\n<p>Nga ana tjet\u00ebr, bashk\u00ebshorti i saj Fatos Mulla ka mohuar n\u00eb polici akuzat e ngritura nga bashk\u00ebshortja e tij. Ai ka th\u00ebn\u00eb se 55-vje\u00e7arja \u00ebsht\u00eb rr\u00ebzuar vet\u00eb dhe se nuk e ka shtyr\u00eb ai.<\/p>\n<p>Sipas policis\u00eb, hetimet do t\u00eb vijojn\u00eb p\u00ebr vepr\u00ebn penale t\u00eb \u201cdhun\u00ebs n\u00eb familje\u201d.<\/p>\n","protected":false},"excerpt":{"rendered":"<p>Nj\u00eb ngjarje e r\u00ebnd\u00eb dhune ka ndodhur brenda nj\u00eb familje n\u00eb Kor\u00e7\u00eb. Ngjarja ka ndodhur 6 dit\u00eb m\u00eb par\u00eb, kur Fatos Mulla ka hedhur nga shkall\u00ebt e sht\u00ebpis\u00eb private bashk\u00ebshorten e tij, D.Mulla 55 vje\u00e7, duke i shkaktuar thyerje t\u00eb k\u00ebmb\u00ebs s\u00eb djatht\u00eb. B\u00ebhet e ditur se bashk\u00ebshorti e ka mbajtur 55-vje\u00e7aren n\u00eb banes\u00eb deri [&hellip;]<\/p>\n","protected":false},"author":5,"featured_media":61076,"comment_status":"closed","ping_status":"closed","sticky":false,"template":"","format":"standard","meta":{"footnotes":""},"categories":[1,6332],"tags":[24253,24252],"class_list":{"0":"post-61075","1":"post","2":"type-post","3":"status-publish","4":"format-standard","5":"has-post-thumbnail","7":"category-aktualitet","8":"category-te-fundit","9":"tag-55-vjecarja-perfundon-rende-ne-spital","10":"tag-video-emrat-burri-hedh-gruan-e-tij-nga-shkallet"},"_links":{"self":[{"href":"https:\/\/jugulajm.net\/index.php?rest_route=\/wp\/v2\/posts\/61075","targetHints":{"allow":["GET"]}}],"collection":[{"href":"https:\/\/jugulajm.net\/index.php?rest_route=\/wp\/v2\/posts"}],"about":[{"href":"https:\/\/jugulajm.net\/index.php?rest_route=\/wp\/v2\/types\/post"}],"author":[{"embeddable":true,"href":"https:\/\/jugulajm.net\/index.php?rest_route=\/wp\/v2\/users\/5"}],"replies":[{"embeddable":true,"href":"https:\/\/jugulajm.net\/index.php?rest_route=%2Fwp%2Fv2%2Fcomments&post=61075"}],"version-history":[{"count":0,"href":"https:\/\/jugulajm.net\/index.php?rest_route=\/wp\/v2\/posts\/61075\/revisions"}],"wp:featuredmedia":[{"embeddable":true,"href":"https:\/\/jugulajm.net\/index.php?rest_route=\/wp\/v2\/media\/61076"}],"wp:attachment":[{"href":"https:\/\/jugulajm.net\/index.php?rest_route=%2Fwp%2Fv2%2Fmedia&parent=61075"}],"wp:term":[{"taxonomy":"category","embeddable":true,"href":"https:\/\/jugulajm.net\/index.php?rest_route=%2Fwp%2Fv2%2Fcategories&post=61075"},{"taxonomy":"post_tag","embeddable":true,"href":"https:\/\/jugulajm.net\/index.php?rest_route=%2Fwp%2Fv2%2Ftags&post=61075"}],"curies":[{"name":"wp","href":"https:\/\/api.w.org\/{rel}","templated":true}]}}