{"id":61058,"date":"2023-06-22T10:00:47","date_gmt":"2023-06-22T08:00:47","guid":{"rendered":"https:\/\/jugulajm.net\/?p=61058"},"modified":"2023-06-22T10:01:06","modified_gmt":"2023-06-22T08:01:06","slug":"moti-sot-po-vjen-i-nxehti","status":"publish","type":"post","link":"https:\/\/jugulajm.net\/?p=61058","title":{"rendered":"Moti sot\/ Po vjen i nxehti&#8230;"},"content":{"rendered":"<p>Vijon ndikimi i val\u00ebv\u00eb t\u00eb t\u00eb nxehtit afrikan n\u00eb Shqip\u00ebri duke b\u00ebr\u00eb q\u00eb moti i\u00a0 kthjell\u00ebt dhe i nxeht\u00eb t\u00eb jet\u00eb prezent n\u00eb t\u00eb gjith\u00eb territorin e vendit.<\/p>\n<p>Kjo situat\u00eb atmosferike do t\u00eb na shoq\u00ebroj\u00eb deri von\u00eb pasdite ku priten kalime vran\u00ebsirash t\u00eb lehta n\u00ebp\u00ebr t\u00eb gjith\u00eb zon\u00ebn malore lindore si edhe pjes\u00ebrisht n\u00eb zonat e ul\u00ebta duke l\u00ebn\u00eb vij\u00ebn bregdetare n\u00ebn dominimin e motit t\u00eb kthjell\u00ebt. Edhe gjat\u00eb nat\u00ebs moti mbetet i kthjell\u00ebt dhe i nxeht\u00eb.<\/p>\n<p>Sipas MeteoAlb, temperaturat e ajrit do t\u00eb rriten ndjesh\u00ebm si n\u00eb m\u00ebngjes dhe n\u00eb mesdit\u00eb duke luhatur vlerat ditore nga 15\u00b0C deri n\u00eb 37\u00b0C.<\/p>\n<p>Era do t\u00eb fryj\u00eb e leht\u00eb shpejt\u00ebsi 28 km\/h nga drejtimi kryesisht Per\u00ebndimor; kjo do\u00a0 t\u00eb b\u00ebj\u00eb q\u00eb n\u00eb brigjet e Adriatikut dhe Jonit t\u00eb krijohet dallg\u00ebzim 1 ball\u00eb.<\/p>\n","protected":false},"excerpt":{"rendered":"<p>Vijon ndikimi i val\u00ebv\u00eb t\u00eb t\u00eb nxehtit afrikan n\u00eb Shqip\u00ebri duke b\u00ebr\u00eb q\u00eb moti i\u00a0 kthjell\u00ebt dhe i nxeht\u00eb t\u00eb jet\u00eb prezent n\u00eb t\u00eb gjith\u00eb territorin e vendit. Kjo situat\u00eb atmosferike do t\u00eb na shoq\u00ebroj\u00eb deri von\u00eb pasdite ku priten kalime vran\u00ebsirash t\u00eb lehta n\u00ebp\u00ebr t\u00eb gjith\u00eb zon\u00ebn malore lindore si edhe pjes\u00ebrisht n\u00eb zonat [&hellip;]<\/p>\n","protected":false},"author":5,"featured_media":46558,"comment_status":"closed","ping_status":"closed","sticky":false,"template":"","format":"standard","meta":{"footnotes":""},"categories":[7650,6332],"tags":[24243],"class_list":{"0":"post-61058","1":"post","2":"type-post","3":"status-publish","4":"format-standard","5":"has-post-thumbnail","7":"category-moti","8":"category-te-fundit","9":"tag-moti-sot-po-vjen-i-nxehti"},"_links":{"self":[{"href":"https:\/\/jugulajm.net\/index.php?rest_route=\/wp\/v2\/posts\/61058","targetHints":{"allow":["GET"]}}],"collection":[{"href":"https:\/\/jugulajm.net\/index.php?rest_route=\/wp\/v2\/posts"}],"about":[{"href":"https:\/\/jugulajm.net\/index.php?rest_route=\/wp\/v2\/types\/post"}],"author":[{"embeddable":true,"href":"https:\/\/jugulajm.net\/index.php?rest_route=\/wp\/v2\/users\/5"}],"replies":[{"embeddable":true,"href":"https:\/\/jugulajm.net\/index.php?rest_route=%2Fwp%2Fv2%2Fcomments&post=61058"}],"version-history":[{"count":0,"href":"https:\/\/jugulajm.net\/index.php?rest_route=\/wp\/v2\/posts\/61058\/revisions"}],"wp:featuredmedia":[{"embeddable":true,"href":"https:\/\/jugulajm.net\/index.php?rest_route=\/wp\/v2\/media\/46558"}],"wp:attachment":[{"href":"https:\/\/jugulajm.net\/index.php?rest_route=%2Fwp%2Fv2%2Fmedia&parent=61058"}],"wp:term":[{"taxonomy":"category","embeddable":true,"href":"https:\/\/jugulajm.net\/index.php?rest_route=%2Fwp%2Fv2%2Fcategories&post=61058"},{"taxonomy":"post_tag","embeddable":true,"href":"https:\/\/jugulajm.net\/index.php?rest_route=%2Fwp%2Fv2%2Ftags&post=61058"}],"curies":[{"name":"wp","href":"https:\/\/api.w.org\/{rel}","templated":true}]}}