{"id":61032,"date":"2023-06-21T18:05:46","date_gmt":"2023-06-21T16:05:46","guid":{"rendered":"https:\/\/jugulajm.net\/?p=61032"},"modified":"2023-06-21T18:05:46","modified_gmt":"2023-06-21T16:05:46","slug":"emri-23-vjecari-shqiptar-humbi-jeten-pasi-ra-nga-lartesia-ku-punonte-prokuroria-shenjestron-pronarin-italian","status":"publish","type":"post","link":"https:\/\/jugulajm.net\/?p=61032","title":{"rendered":"EMRI\/ 23-vje\u00e7ari shqiptar humbi jet\u00ebn pasi ra nga lart\u00ebsia ku punonte, prokuroria sh\u00ebnjestron pronarin italian"},"content":{"rendered":"<p>Prokuroria n\u00eb Itali ka nisur hetimet p\u00ebr vrasje nga pakujdesia pas vdekjes s\u00eb 23-vje\u00e7arit shqiptar Sami Macakulli.<\/p>\n<p>I riu humbi jet\u00ebn m\u00eb 13 Qershor pasi ra nga nj\u00eb shtyll\u00eb e tensionit t\u00eb lart\u00eb n\u00eb Castegnato.<\/p>\n<p><em>\u201cProkuroria ka hapur hetim p\u00ebr vrasje nga pakujdesia dhe ka futur pronarin e kompanis\u00eb ku punonte viktima n\u00eb regjistrin e t\u00eb dyshuarve\u201d,<\/em>\u00a0shkruan Il Giorno.<\/p>\n<p>Autoritetet pritet q\u00eb t\u00eb kryejn\u00eb hetime t\u00eb thelluara p\u00ebr t\u00eb zbuluar \u00e7do p\u00ebrgjegj\u00ebsi n\u00eb lidhje me k\u00ebt\u00eb ngjarje.<\/p>\n<p>Sipas asaj q\u00eb shkruajn\u00eb mediat, shqiptari po b\u00ebnte pun\u00eb mir\u00ebmbajtjeje n\u00eb lart\u00ebsi.<\/p>\n<p>Ai z\u00ebvend\u00ebsoi nj\u00eb litar, t\u00eb caktuar p\u00ebr t\u00eb shmangur \u00e7do goditje nga rrufet\u00eb dhe p\u00ebr t\u00eb mbrojtur shtyll\u00ebn, nj\u00eb pun\u00eb rutin\u00eb, kur pajisja e siguris\u00eb ajo q\u00eb n\u00eb fakt duhej ta mbronte n\u00eb rast t\u00eb humbjes s\u00eb ekuilibrit, \u00ebsht\u00eb thyer dhe b\u00ebri q\u00eb ai t\u00eb binte nga nj\u00eb lart\u00ebsi prej 45 metrash.<\/p>\n<p>R\u00ebnia ishte e tmerrshme. Macukulli ra fillimisht mbi nj\u00eb gardh dhe n\u00eb fund n\u00eb tok\u00eb.<\/p>\n<p>Prokurorja Lisa Sacaro, tashm\u00eb tenton q\u00eb t\u00eb hedh\u00eb drit\u00eb mbi mjetet mbrojt\u00ebse q\u00eb mbanin pun\u00ebtor\u00ebt, p\u00ebr t\u00eb kuptuar n\u00ebse 23-vje\u00e7ari ishte veshur si\u00e7 duhet, apo pajisjet ishin t\u00eb mir\u00ebmbajtura brenda normave.<\/p>\n","protected":false},"excerpt":{"rendered":"<p>Prokuroria n\u00eb Itali ka nisur hetimet p\u00ebr vrasje nga pakujdesia pas vdekjes s\u00eb 23-vje\u00e7arit shqiptar Sami Macakulli. I riu humbi jet\u00ebn m\u00eb 13 Qershor pasi ra nga nj\u00eb shtyll\u00eb e tensionit t\u00eb lart\u00eb n\u00eb Castegnato. \u201cProkuroria ka hapur hetim p\u00ebr vrasje nga pakujdesia dhe ka futur pronarin e kompanis\u00eb ku punonte viktima n\u00eb regjistrin e [&hellip;]<\/p>\n","protected":false},"author":5,"featured_media":0,"comment_status":"closed","ping_status":"closed","sticky":false,"template":"","format":"standard","meta":{"footnotes":""},"categories":[1,6332],"tags":[24227,24228],"class_list":{"0":"post-61032","1":"post","2":"type-post","3":"status-publish","4":"format-standard","6":"category-aktualitet","7":"category-te-fundit","8":"tag-emri-23-vjecari-shqiptar-humbi-jeten-pasi-ra-nga-lartesia-ku-punonte","9":"tag-prokuroria-shenjestron-pronarin-italian"},"_links":{"self":[{"href":"https:\/\/jugulajm.net\/index.php?rest_route=\/wp\/v2\/posts\/61032","targetHints":{"allow":["GET"]}}],"collection":[{"href":"https:\/\/jugulajm.net\/index.php?rest_route=\/wp\/v2\/posts"}],"about":[{"href":"https:\/\/jugulajm.net\/index.php?rest_route=\/wp\/v2\/types\/post"}],"author":[{"embeddable":true,"href":"https:\/\/jugulajm.net\/index.php?rest_route=\/wp\/v2\/users\/5"}],"replies":[{"embeddable":true,"href":"https:\/\/jugulajm.net\/index.php?rest_route=%2Fwp%2Fv2%2Fcomments&post=61032"}],"version-history":[{"count":0,"href":"https:\/\/jugulajm.net\/index.php?rest_route=\/wp\/v2\/posts\/61032\/revisions"}],"wp:attachment":[{"href":"https:\/\/jugulajm.net\/index.php?rest_route=%2Fwp%2Fv2%2Fmedia&parent=61032"}],"wp:term":[{"taxonomy":"category","embeddable":true,"href":"https:\/\/jugulajm.net\/index.php?rest_route=%2Fwp%2Fv2%2Fcategories&post=61032"},{"taxonomy":"post_tag","embeddable":true,"href":"https:\/\/jugulajm.net\/index.php?rest_route=%2Fwp%2Fv2%2Ftags&post=61032"}],"curies":[{"name":"wp","href":"https:\/\/api.w.org\/{rel}","templated":true}]}}