{"id":61018,"date":"2023-06-21T15:32:17","date_gmt":"2023-06-21T13:32:17","guid":{"rendered":"https:\/\/jugulajm.net\/?p=61018"},"modified":"2023-06-21T15:32:17","modified_gmt":"2023-06-21T13:32:17","slug":"video-me-sallator-flet-alma-jam-e-traumatizuar-femija-im-po-bullizohet","status":"publish","type":"post","link":"https:\/\/jugulajm.net\/?p=61018","title":{"rendered":"Video me &#8216;sallator&#8217;, flet Alma: Jam e traumatizuar, f\u00ebmija im po bullizohet"},"content":{"rendered":"<p>Alma Ka\u00e7i, vajza e cila u shfaq n\u00eb videoskandalin e kryebashkiakut t\u00eb Kuk\u00ebsit, Safet Gjici ka folur p\u00ebr mediat.<\/p>\n<p>N\u00eb nj\u00eb pronocim t\u00eb saj ajo tha se tashm\u00eb situata p\u00ebr t\u00eb ishte mjaft e r\u00ebnd\u00eb dhe ndihej e traumatizuar.<\/p>\n<p>Nga ana tjet\u00ebr, Alma tha se shqet\u00ebsim t\u00eb madh kishte djalin e saj 12 vje\u00e7, i cili bullizohej nga njer\u00ebzit e tjer\u00eb dhe ai \u00ebsht\u00eb nj\u00eb f\u00ebmij\u00eb q\u00eb nuk di asgj\u00eb dhe nuk kupton, thjesht dhe vet\u00ebm vuan pasojat e atij video-skandali.<\/p>\n<p>\u201c<em>Jam v\u00ebrtet\u00eb e traumatizuar. Pasojat jan\u00eb shum\u00eb t\u00eb m\u00ebdha. F\u00ebmija im po bullizohet, nd\u00ebrsa un\u00eb vet\u00eb jam e pambrojtur, e rrezikuar dhe e braktisur totalisht nga shteti.<\/em><\/p>\n<p><em>Kam folur para SPAK-ut, kam dh\u00ebn\u00eb d\u00ebshmin\u00eb time dhe tani \u00ebsht\u00eb organi i akuz\u00ebs q\u00eb po b\u00ebn verifikimet dhe procedurat e tij ligjore.<\/em><\/p>\n<p><em>Un\u00eb nuk mund t\u00eb flas dhe nuk mund t\u00eb shprehem m\u00eb shum\u00eb sesa kaq. Apeli im \u00ebsht\u00eb nj\u00eb dhe i vet\u00ebm: jam e braktisur, e pambrojtur nga shteti, f\u00ebmija im po bullizohet dhe un\u00eb jam e rrezikuar<\/em>&#8220;, u shpreh ajo.<\/p>\n","protected":false},"excerpt":{"rendered":"<p>Alma Ka\u00e7i, vajza e cila u shfaq n\u00eb videoskandalin e kryebashkiakut t\u00eb Kuk\u00ebsit, Safet Gjici ka folur p\u00ebr mediat. N\u00eb nj\u00eb pronocim t\u00eb saj ajo tha se tashm\u00eb situata p\u00ebr t\u00eb ishte mjaft e r\u00ebnd\u00eb dhe ndihej e traumatizuar. Nga ana tjet\u00ebr, Alma tha se shqet\u00ebsim t\u00eb madh kishte djalin e saj 12 vje\u00e7, i [&hellip;]<\/p>\n","protected":false},"author":5,"featured_media":60736,"comment_status":"closed","ping_status":"closed","sticky":false,"template":"","format":"standard","meta":{"footnotes":""},"categories":[1,6332],"tags":[24223,24222,24221],"class_list":{"0":"post-61018","1":"post","2":"type-post","3":"status-publish","4":"format-standard","5":"has-post-thumbnail","7":"category-aktualitet","8":"category-te-fundit","9":"tag-femija-im-po-bullizohet","10":"tag-flet-alma-jam-e-traumatizuar","11":"tag-video-me-sallator"},"_links":{"self":[{"href":"https:\/\/jugulajm.net\/index.php?rest_route=\/wp\/v2\/posts\/61018","targetHints":{"allow":["GET"]}}],"collection":[{"href":"https:\/\/jugulajm.net\/index.php?rest_route=\/wp\/v2\/posts"}],"about":[{"href":"https:\/\/jugulajm.net\/index.php?rest_route=\/wp\/v2\/types\/post"}],"author":[{"embeddable":true,"href":"https:\/\/jugulajm.net\/index.php?rest_route=\/wp\/v2\/users\/5"}],"replies":[{"embeddable":true,"href":"https:\/\/jugulajm.net\/index.php?rest_route=%2Fwp%2Fv2%2Fcomments&post=61018"}],"version-history":[{"count":0,"href":"https:\/\/jugulajm.net\/index.php?rest_route=\/wp\/v2\/posts\/61018\/revisions"}],"wp:featuredmedia":[{"embeddable":true,"href":"https:\/\/jugulajm.net\/index.php?rest_route=\/wp\/v2\/media\/60736"}],"wp:attachment":[{"href":"https:\/\/jugulajm.net\/index.php?rest_route=%2Fwp%2Fv2%2Fmedia&parent=61018"}],"wp:term":[{"taxonomy":"category","embeddable":true,"href":"https:\/\/jugulajm.net\/index.php?rest_route=%2Fwp%2Fv2%2Fcategories&post=61018"},{"taxonomy":"post_tag","embeddable":true,"href":"https:\/\/jugulajm.net\/index.php?rest_route=%2Fwp%2Fv2%2Ftags&post=61018"}],"curies":[{"name":"wp","href":"https:\/\/api.w.org\/{rel}","templated":true}]}}