{"id":60937,"date":"2023-06-19T22:33:18","date_gmt":"2023-06-19T20:33:18","guid":{"rendered":"https:\/\/jugulajm.net\/?p=60937"},"modified":"2023-06-20T13:16:50","modified_gmt":"2023-06-20T11:16:50","slug":"video-turpi-i-fundit-i-gjolekes-dhe-laertit-ne-memaliaj-investojne-rere-bituminoze-ne-fshatin-dervishaj","status":"publish","type":"post","link":"https:\/\/jugulajm.net\/?p=60937","title":{"rendered":"VIDEO\/Turpi i fundit i Gjolek\u00ebs dhe Laertit n\u00eb Memaliaj, hedhin r\u00ebr\u00eb bituminoze n\u00eb fshatin Dervishaj"},"content":{"rendered":"<p>Banor\u00ebt e fshatit Dervishaj Bashkia Memaliaj, jan\u00eb \u00e7uar n\u00eb protest\u00eb p\u00ebr at\u00eb q\u00eb ata e quajn\u00eb tallje me investimin n\u00eb rrug\u00ebn e fshatit.<\/p>\n<p>Kjo rrug\u00eb me gjat\u00ebsi gati 600 metra q\u00eb vjen nga posht\u00eb prej ish godin\u00ebs s\u00eb Komun\u00ebs Luftinj\u00eb e deri m\u00eb lart n\u00eb fshat, nj\u00eb dit\u00eb para se t\u00eb dorr\u00ebzonte \u00e7el\u00ebsat e zyr\u00ebs s\u00eb bashkis\u00eb ish kryetari Gjolek Guci, d\u00ebrgoi dy makina t\u00eb m\u00ebdha me r\u00ebr\u00eb bituminoze duke e hedhur n\u00eb rrug\u00eb e m\u00eb pas disa pun\u00ebtor\u00eb me lopata e pat\u00ebn shp\u00ebrndar\u00eb. As rul q\u00eb t\u00eb krijonte forcimin e shtres\u00ebs dhe as makin\u00eb niveluese nuk u duk at\u00eb dit\u00eb.<\/p>\n<p>Vet\u00ebm tre pun\u00ebtor\u00eb q\u00eb e shp\u00ebrndan\u00eb r\u00ebr\u00ebn e bitumit e cila \u00ebsht\u00eb e nj\u00eb cil\u00ebsie jasht\u00eb standartit.<\/p>\n<p>Pra nj\u00eb pun\u00eb shkel e shko. Banor\u00ebt i\u2019u g\u00ebzuan k\u00ebtij investimi disa dit\u00eb para zgjedhjeve pasi ish kryetari Gjolek Guci u premtoi se kjo rrug\u00eb do t\u00eb b\u00ebhej me parametra modern\u00eb dhe do t\u00eb p\u00ebrfundonte pas zgjedhjeve. Mir\u00ebpo pas zgjedhjeve mor\u00ebn si dhurat\u00eb r\u00ebr\u00ebn bituminoze e cila nuk aplikohet e pashoq\u00ebruar me shtres\u00ebn ngjit\u00ebse. Aq i dob\u00ebt \u00ebsht\u00eb ky material, saq\u00eb mblidhet sikur t\u00eb ishte kum plazhi. Banor\u00ebt shprehen t\u00eb irrituar p\u00ebr k\u00ebt\u00eb investim n\u00eb tentativ\u00eb aq m\u00eb shum\u00eb p\u00ebr k\u00ebt\u00eb tallje q\u00eb i\u2019u \u00ebsht\u00eb b\u00ebr\u00eb atyre.<\/p>\n<p>Vet\u00eb kryeplaku i fshatit b\u00ebn fajtor deputetin e zon\u00ebs Laert Duraj i cili n\u00eb asnj\u00eb moment nuk ka q\u00ebndruar af\u00ebr k\u00ebtij komuniteti, vecse dy her\u00eb n\u00eb zgjedhjet e 2021 dhe disa dit\u00eb para atyre vendore t\u00eb 14 majit.<\/p>\n<p>P\u00ebr k\u00ebt\u00eb problematik\u00eb, jemi interesuar tek kryebashkiaku i ri i Memaliajt Albert Malaj i cili sot ka zhvilluar mbledhjen e par\u00eb me punonj\u00ebs t\u00eb administrat\u00ebs pas marrjes s\u00eb detyr\u00ebs. Malaj premtoi se do ta ndjek\u00eb me shum\u00eb seriozitet k\u00ebt\u00eb problematik\u00eb. Fshati Dervishaj ndodhet n\u00eb verilindje t\u00eb Memaliajt me nj\u00eb popullsi prej 100 banor\u00ebsh.<\/p>\n","protected":false},"excerpt":{"rendered":"<p>Banor\u00ebt e fshatit Dervishaj Bashkia Memaliaj, jan\u00eb \u00e7uar n\u00eb protest\u00eb p\u00ebr at\u00eb q\u00eb ata e quajn\u00eb tallje me investimin n\u00eb rrug\u00ebn e fshatit. Kjo rrug\u00eb me gjat\u00ebsi gati 600 metra q\u00eb vjen nga posht\u00eb prej ish godin\u00ebs s\u00eb Komun\u00ebs Luftinj\u00eb e deri m\u00eb lart n\u00eb fshat, nj\u00eb dit\u00eb para se t\u00eb dorr\u00ebzonte \u00e7el\u00ebsat e zyr\u00ebs [&hellip;]<\/p>\n","protected":false},"author":5,"featured_media":60940,"comment_status":"closed","ping_status":"closed","sticky":false,"template":"","format":"video","meta":{"footnotes":""},"categories":[1,6332],"tags":[24186,21916],"class_list":{"0":"post-60937","1":"post","2":"type-post","3":"status-publish","4":"format-video","5":"has-post-thumbnail","7":"category-aktualitet","8":"category-te-fundit","9":"tag-fshati-dervishaj","10":"tag-memaliaj","11":"post_format-post-format-video"},"_links":{"self":[{"href":"https:\/\/jugulajm.net\/index.php?rest_route=\/wp\/v2\/posts\/60937","targetHints":{"allow":["GET"]}}],"collection":[{"href":"https:\/\/jugulajm.net\/index.php?rest_route=\/wp\/v2\/posts"}],"about":[{"href":"https:\/\/jugulajm.net\/index.php?rest_route=\/wp\/v2\/types\/post"}],"author":[{"embeddable":true,"href":"https:\/\/jugulajm.net\/index.php?rest_route=\/wp\/v2\/users\/5"}],"replies":[{"embeddable":true,"href":"https:\/\/jugulajm.net\/index.php?rest_route=%2Fwp%2Fv2%2Fcomments&post=60937"}],"version-history":[{"count":0,"href":"https:\/\/jugulajm.net\/index.php?rest_route=\/wp\/v2\/posts\/60937\/revisions"}],"wp:featuredmedia":[{"embeddable":true,"href":"https:\/\/jugulajm.net\/index.php?rest_route=\/wp\/v2\/media\/60940"}],"wp:attachment":[{"href":"https:\/\/jugulajm.net\/index.php?rest_route=%2Fwp%2Fv2%2Fmedia&parent=60937"}],"wp:term":[{"taxonomy":"category","embeddable":true,"href":"https:\/\/jugulajm.net\/index.php?rest_route=%2Fwp%2Fv2%2Fcategories&post=60937"},{"taxonomy":"post_tag","embeddable":true,"href":"https:\/\/jugulajm.net\/index.php?rest_route=%2Fwp%2Fv2%2Ftags&post=60937"}],"curies":[{"name":"wp","href":"https:\/\/api.w.org\/{rel}","templated":true}]}}