{"id":60878,"date":"2023-06-18T21:29:48","date_gmt":"2023-06-18T19:29:48","guid":{"rendered":"https:\/\/jugulajm.net\/?p=60878"},"modified":"2023-06-18T21:29:48","modified_gmt":"2023-06-18T19:29:48","slug":"video-burri-nuk-e-do-me-gruan-ajo-i-pergjigjet-ky-per-leke-te-hedh-ne-toke","status":"publish","type":"post","link":"https:\/\/jugulajm.net\/?p=60878","title":{"rendered":"VIDEO\/ Burri nuk e do m\u00eb gruan, ajo i p\u00ebrgjigjet: Ky p\u00ebr lek\u00eb t\u00eb hedh n\u00eb tok\u00eb"},"content":{"rendered":"<p>P\u00ebr 22 vjet Albina u kujdes p\u00ebr prind\u00ebrit e bashk\u00ebshortit t\u00eb saj, Yllit dhe p\u00ebr disa koh\u00eb, edhe p\u00ebr v\u00ebllain e tij. Nga trash\u00ebgimia q\u00eb ata kan\u00eb l\u00ebn\u00eb pasi nd\u00ebrruan jet\u00eb, Ylli p\u00ebrfiton nj\u00eb pjes\u00eb t\u00eb konsiderueshme t\u00eb pasuris\u00eb.<\/p>\n<div class=\"jeg_ad jeg_ad_article jnews_content_inline_ads\">\n<div class=\"ads-wrapper align-center\">\n<div class=\"ads_code\">Por si\u00e7 u shpjegua n\u00eb fillim t\u00eb \u201cShihemi n\u00eb Gjyq\u201d nga \u201cE Diela Shqiptare\u201d n\u00eb Tv Klan, prej 6 muajsh Ylli ka ikur nga sht\u00ebpia duke l\u00ebn\u00eb pas Albin\u00ebn me 3 djemt\u00eb dhe ka shk\u00ebputur kontaktet. N\u00eb takimin e tyre n\u00eb seanc\u00ebn e nd\u00ebrmjet\u00ebsimit, ai thot\u00eb se Albina i k\u00ebrkon vet\u00ebm para, por nuk i jep nj\u00eb arsye p\u00ebr largimin e tij.<\/div>\n<\/div>\n<\/div>\n<div class=\"jeg_ad jeg_ad_article jnews_content_inline_2_ads\">\n<div class=\"ads-wrapper align-center\">\n<div class=\"ads_code\">Ligj\u00ebrisht, Albina nuk ka t\u00eb drejta mbi trash\u00ebgimin\u00eb sepse nuk \u00ebsht\u00eb pasuri e v\u00ebn\u00eb gjat\u00eb martes\u00ebs, por moralisht ajo k\u00ebrkon q\u00eb t\u00eb marr\u00eb di\u00e7ka pasi nevojitet p\u00ebr familjen. Megjithat\u00eb, m\u00eb e r\u00ebnd\u00ebsishmja p\u00ebr k\u00ebt\u00eb grua \u00ebsht\u00eb q\u00eb familja t\u00eb mos prishet. Ylli shprehet se ajo nuk do t\u00eb marr\u00eb asgj\u00eb, do t\u00eb kujdeset p\u00ebr f\u00ebmij\u00ebt por do\u00a0 t\u00eb vijoj\u00eb t\u00eb mos kthehet n\u00eb sht\u00ebpi.<\/div>\n<\/div>\n<\/div>\n<p><strong>Ylli:\u00a0<\/strong><em>Kur t\u00eb marr ato q\u00eb m\u00eb takojn\u00eb mua nga babai im, un\u00eb do t\u00eb mendoj edhe p\u00ebr f\u00ebmij\u00ebt, por p\u00ebr zonj\u00ebn jo.<\/em><\/p>\n<p><strong>Eni \u00c7obani:\u00a0<\/strong><em>Jo, dua t\u00eb kuptoj k\u00ebt\u00eb, at\u00eb qera q\u00eb do marr\u00ebsh ti nes\u00ebr\u2026<\/em><\/p>\n<p><strong>Ylli:\u00a0<\/strong><em>Qera, lek\u00ebt, asnj\u00eb qindrak\u00eb s\u2019do marr\u00ebsh nga un\u00eb. Trash\u00ebgimia e babait tim nuk ka lidhje me k\u00ebt\u00eb.<\/em><\/p>\n<p><strong>Eni \u00c7obani:\u00a0<\/strong><em>Po e tham\u00eb, nga ana ligjore nuk ka lidhje, dakord jam un\u00eb. Po nga ana morale i takon k\u00ebsaj gruas ndonj\u00eb lek apo jo?<\/em><\/p>\n<p><strong>Albina:\u00a0<\/strong><em>A e kupton se \u00e7far\u00eb \u00ebsht\u00eb fjala morale mor Ylli? \u00c7far\u00eb k\u00ebrkon m\u00eb? Pse nuk kthehesh n\u00eb sht\u00ebpi?<\/em><\/p>\n<p><strong>Eni \u00c7obani:\u00a0<\/strong><em>Albina, kjo pra \u00ebsht\u00eb pyetja e fundit, pse nuk kthehesh n\u00eb sht\u00ebpi? Kjo pra \u00ebsht\u00eb e v\u00ebrteta. Kemi kthim n\u00eb sht\u00ebpi Ylli apo jo? Do kthehesh te Albina dhe te djemt\u00eb apo joo?<\/em><\/p>\n<p><strong>Ylli:\u00a0<\/strong><em>Zonja Eni un\u00eb akoma nuk kam b\u00ebr\u00eb gj\u00eb p\u00ebr trash\u00ebgimin\u00eb.<\/em><\/p>\n<p><strong>Albina:\u00a0<\/strong><em>Po pse trash\u00ebgimia \u00ebsht\u00eb m\u00eb interesante se sa familja? Trash\u00ebgimia aty \u00ebsht\u00eb, t\u00eb takon po t\u00eb them, do ta marr\u00ebsh, \u00bc do ta marr\u00ebsh, do ta pjes\u00ebtosh me v\u00ebllez\u00ebrit dhe me motrat, nuk do ta marr\u00ebsh t\u00eb t\u00ebr\u00eb ti! At\u00eb \u00bc q\u00eb do marr\u00ebsh mbaje p\u00ebr vete, haje, g\u00ebzoje, shijoje, por familja k\u00ebrkon burrin, babain, bashk\u00ebshortin.<\/em><\/p>\n<p><strong>Ylli:\u00a0<\/strong><em>M\u2019u ka b\u00ebr\u00eb koka kaq me k\u00ebt\u00eb grua!<\/em><\/p>\n<p><strong>Eni \u00c7obani:\u00a0<\/strong><em>Nuk e do m\u00eb?<\/em><\/p>\n<p><strong>Ylli:\u00a0<\/strong><em>Jo. Nuk e dua m\u00eb.<\/em><\/p>\n<p><strong>Albina:\u00a0<\/strong><em>Ky \u00ebsht\u00eb burri, p\u00ebr lek\u00ebt t\u00eb hedh n\u00eb tok\u00eb! Miliona njer\u00ebz, miliona vite ne grat\u00eb lajm\u00eb, shp\u00eblajm\u00eb, gatuajm\u00eb, i b\u00ebjm\u00eb t\u00eb gjitha! \u00c7far\u00eb b\u00ebni ju burrat, vet\u00ebm tralala? Jo birra, jo raki, e kaloni jet\u00ebn me shok\u00ebt, me shoq\u00ebrin\u00eb!<\/em><\/p>\n<p><strong>Eni \u00c7obani:\u00a0<\/strong><em>E do akoma Yllin?<\/em><\/p>\n<p><strong>Albina:\u00a0<\/strong><em>Po patjet\u00ebr moj zonj\u00eb! Un\u00eb prandaj kam ardhur k\u00ebtu q\u00eb t\u00eb mos na shkat\u00ebrrohet familja!<\/em>\/ Tv Klan<\/p>\n<div class=\"jeg_video_container jeg_video_content\"><iframe loading=\"lazy\" title=\"\u201cNuk e dua m\u00eb gruan\u201d,martesa 22vje\u00e7are drejt fundit.Albina:Ky \u00ebsht\u00eb burri,p\u00ebr lek\u00ebt t\u00eb hedh n\u00eb tok\u00eb!\" src=\"https:\/\/www.youtube.com\/embed\/vkVp1wWeyqo?feature=oembed\" width=\"500\" height=\"281\" frameborder=\"0\" allowfullscreen=\"allowfullscreen\" data-mce-fragment=\"1\"><\/iframe><\/div>\n","protected":false},"excerpt":{"rendered":"<p>P\u00ebr 22 vjet Albina u kujdes p\u00ebr prind\u00ebrit e bashk\u00ebshortit t\u00eb saj, Yllit dhe p\u00ebr disa koh\u00eb, edhe p\u00ebr v\u00ebllain e tij. Nga trash\u00ebgimia q\u00eb ata kan\u00eb l\u00ebn\u00eb pasi nd\u00ebrruan jet\u00eb, Ylli p\u00ebrfiton nj\u00eb pjes\u00eb t\u00eb konsiderueshme t\u00eb pasuris\u00eb. Por si\u00e7 u shpjegua n\u00eb fillim t\u00eb \u201cShihemi n\u00eb Gjyq\u201d nga \u201cE Diela Shqiptare\u201d n\u00eb Tv [&hellip;]<\/p>\n","protected":false},"author":5,"featured_media":60879,"comment_status":"closed","ping_status":"closed","sticky":false,"template":"","format":"standard","meta":{"footnotes":""},"categories":[1,6332],"tags":[24163,24162],"class_list":{"0":"post-60878","1":"post","2":"type-post","3":"status-publish","4":"format-standard","5":"has-post-thumbnail","7":"category-aktualitet","8":"category-te-fundit","9":"tag-ajo-i-pergjigjet-ky-per-leke-te-hedh-ne-toke","10":"tag-video-burri-nuk-e-do-me-gruan"},"_links":{"self":[{"href":"https:\/\/jugulajm.net\/index.php?rest_route=\/wp\/v2\/posts\/60878","targetHints":{"allow":["GET"]}}],"collection":[{"href":"https:\/\/jugulajm.net\/index.php?rest_route=\/wp\/v2\/posts"}],"about":[{"href":"https:\/\/jugulajm.net\/index.php?rest_route=\/wp\/v2\/types\/post"}],"author":[{"embeddable":true,"href":"https:\/\/jugulajm.net\/index.php?rest_route=\/wp\/v2\/users\/5"}],"replies":[{"embeddable":true,"href":"https:\/\/jugulajm.net\/index.php?rest_route=%2Fwp%2Fv2%2Fcomments&post=60878"}],"version-history":[{"count":0,"href":"https:\/\/jugulajm.net\/index.php?rest_route=\/wp\/v2\/posts\/60878\/revisions"}],"wp:featuredmedia":[{"embeddable":true,"href":"https:\/\/jugulajm.net\/index.php?rest_route=\/wp\/v2\/media\/60879"}],"wp:attachment":[{"href":"https:\/\/jugulajm.net\/index.php?rest_route=%2Fwp%2Fv2%2Fmedia&parent=60878"}],"wp:term":[{"taxonomy":"category","embeddable":true,"href":"https:\/\/jugulajm.net\/index.php?rest_route=%2Fwp%2Fv2%2Fcategories&post=60878"},{"taxonomy":"post_tag","embeddable":true,"href":"https:\/\/jugulajm.net\/index.php?rest_route=%2Fwp%2Fv2%2Ftags&post=60878"}],"curies":[{"name":"wp","href":"https:\/\/api.w.org\/{rel}","templated":true}]}}