{"id":60874,"date":"2023-06-18T20:15:13","date_gmt":"2023-06-18T18:15:13","guid":{"rendered":"https:\/\/jugulajm.net\/?p=60874"},"modified":"2023-06-18T20:16:00","modified_gmt":"2023-06-18T18:16:00","slug":"juristi-hazizaj-gjicit-ia-ka-publikuar-videon-bashkeshortja-e-tij-sepse","status":"publish","type":"post","link":"https:\/\/jugulajm.net\/?p=60874","title":{"rendered":"Juristi Hazizaj: Gjicit ia ka publikuar videon bashk\u00ebshortja e tij, sepse&#8230;"},"content":{"rendered":"<p>Juristi Altin Hazizaj, ka l\u00ebshuar deklarat\u00ebn e fort\u00eb duke th\u00ebn\u00eb se videoja ku shfaqej ish-kryebashkiaku Safet Gjici, duke kryer marr\u00ebdh\u00ebnie seksuale n\u00eb zyr\u00eb, mund t\u00eb ia ket\u00eb publikuar bashk\u00ebshortja e tij.<\/p>\n<p>K\u00ebt\u00eb deklarat\u00eb e b\u00ebri i ftuar n\u00eb emisionin \u201cReview\u201d n\u00eb Euronews Albania duke th\u00ebn\u00eb se filmimi ka pasur nj\u00eb motiv t\u00eb fort\u00eb, duke qen\u00eb se u publikua menj\u00ebher\u00eb pas zgjedhjeve t\u00eb 14 majit, ku Gjici fitoi Bashkin\u00eb e Kuk\u00ebsit p\u00ebrball\u00eb Admir Sinamati.<\/p>\n<div class=\"td-a-ad id_inline_ad0 id_ad_content-horiz-center\">\n<div class=\"mobile-hide\" align=\"center\">\n<p style=\"text-align: left;\">\u201cAjo q\u00eb m\u00eb vjen n\u00eb mendje \u00ebsht\u00eb se bashk\u00ebshortja e tij mund t\u00eb ket\u00eb pasur shkak p\u00ebr ta nxjerr\u00eb zot\u00ebrin\u00eb k\u00ebshtu n\u00eb at\u00eb gjendje. Asnj\u00ebher\u00eb nuk e dim\u00eb.<\/p>\n<\/div>\n<\/div>\n<p>P\u00ebr aq sa koh\u00eb sa ka nj\u00eb filmim q\u00eb \u00ebsht\u00eb b\u00ebr\u00eb, ai filmim ka pasur nj\u00eb q\u00ebllim dhe nj\u00eb motiv.\u00a0 Fakti q\u00eb video doli menj\u00ebher\u00eb pas zgjedhjeve ka nj\u00eb arsye shum\u00eb t\u00eb fort\u00eb.\u201d- tha ai.<\/p>\n","protected":false},"excerpt":{"rendered":"<p>Juristi Altin Hazizaj, ka l\u00ebshuar deklarat\u00ebn e fort\u00eb duke th\u00ebn\u00eb se videoja ku shfaqej ish-kryebashkiaku Safet Gjici, duke kryer marr\u00ebdh\u00ebnie seksuale n\u00eb zyr\u00eb, mund t\u00eb ia ket\u00eb publikuar bashk\u00ebshortja e tij. K\u00ebt\u00eb deklarat\u00eb e b\u00ebri i ftuar n\u00eb emisionin \u201cReview\u201d n\u00eb Euronews Albania duke th\u00ebn\u00eb se filmimi ka pasur nj\u00eb motiv t\u00eb fort\u00eb, duke qen\u00eb [&hellip;]<\/p>\n","protected":false},"author":5,"featured_media":60875,"comment_status":"closed","ping_status":"closed","sticky":false,"template":"","format":"standard","meta":{"footnotes":""},"categories":[1,6332],"tags":[24161,21049],"class_list":{"0":"post-60874","1":"post","2":"type-post","3":"status-publish","4":"format-standard","5":"has-post-thumbnail","7":"category-aktualitet","8":"category-te-fundit","9":"tag-juristi-hazizaj-gjicit-ia-ka-publikuar-videon-bashkeshortja-e-tij","10":"tag-sepse"},"_links":{"self":[{"href":"https:\/\/jugulajm.net\/index.php?rest_route=\/wp\/v2\/posts\/60874","targetHints":{"allow":["GET"]}}],"collection":[{"href":"https:\/\/jugulajm.net\/index.php?rest_route=\/wp\/v2\/posts"}],"about":[{"href":"https:\/\/jugulajm.net\/index.php?rest_route=\/wp\/v2\/types\/post"}],"author":[{"embeddable":true,"href":"https:\/\/jugulajm.net\/index.php?rest_route=\/wp\/v2\/users\/5"}],"replies":[{"embeddable":true,"href":"https:\/\/jugulajm.net\/index.php?rest_route=%2Fwp%2Fv2%2Fcomments&post=60874"}],"version-history":[{"count":0,"href":"https:\/\/jugulajm.net\/index.php?rest_route=\/wp\/v2\/posts\/60874\/revisions"}],"wp:featuredmedia":[{"embeddable":true,"href":"https:\/\/jugulajm.net\/index.php?rest_route=\/wp\/v2\/media\/60875"}],"wp:attachment":[{"href":"https:\/\/jugulajm.net\/index.php?rest_route=%2Fwp%2Fv2%2Fmedia&parent=60874"}],"wp:term":[{"taxonomy":"category","embeddable":true,"href":"https:\/\/jugulajm.net\/index.php?rest_route=%2Fwp%2Fv2%2Fcategories&post=60874"},{"taxonomy":"post_tag","embeddable":true,"href":"https:\/\/jugulajm.net\/index.php?rest_route=%2Fwp%2Fv2%2Ftags&post=60874"}],"curies":[{"name":"wp","href":"https:\/\/api.w.org\/{rel}","templated":true}]}}