{"id":60794,"date":"2023-06-17T13:48:02","date_gmt":"2023-06-17T11:48:02","guid":{"rendered":"https:\/\/jugulajm.net\/?p=60794"},"modified":"2023-06-17T13:48:27","modified_gmt":"2023-06-17T11:48:27","slug":"emri-foto-shqiptari-fejohet-me-vajzen-e-kryeministrit-te-ontarios-ne-kanada","status":"publish","type":"post","link":"https:\/\/jugulajm.net\/?p=60794","title":{"rendered":"EMRI-FOTO\/ Shqiptari fejohet me vajz\u00ebn e Kryeministrit t\u00eb Ontarios n\u00eb Kanada"},"content":{"rendered":"<p>Vajza e kryeministrit n\u00eb rajonin e Ontarios n\u00eb Kanada \u00ebsht\u00eb fejuar n\u00eb nj\u00eb ceremoni gala me nj\u00eb shtetas me origjin\u00eb shqiptare.<\/p>\n<p>Lajmi \u00ebsht\u00eb b\u00ebr\u00eb i ditur nga ambasadori i Shqip\u00ebris\u00eb n\u00eb Kanada, Ermal Mu\u00e7a, i cili ka qen\u00eb prezent n\u00eb ceremonin\u00eb e mbajtur.<\/p>\n<p>Teksa ka shp\u00ebrndar\u00eb disa foto nga dasma, ambasadori shqiptar n\u00ebnvizon se pjes\u00eb e ceremonis\u00eb kan\u00eb qen\u00eb dhe an\u00ebtar\u00eb t\u00eb qeveris\u00eb dhe parlamentit t\u00eb Ontarios.<\/p>\n<div class=\"td-a-ad id_inline_ad0 id_ad_content-horiz-center\">\n<div class=\"mobile-hide\" align=\"center\">\n<div id=\"beacon_697c70e9c9\" style=\"text-align: left;\">\u201cJet\u00eb t\u00eb lumtur dhe me trash\u00ebgime John &amp; Kyla!<\/div>\n<\/div>\n<\/div>\n<p>Me k\u00ebnaq\u00ebsi iu p\u00ebrgjigj\u00ebm ftes\u00ebs p\u00ebr t\u00eb ndar\u00eb me \u00e7iftin e ri dhe familjar\u00ebt lumturin\u00eb e tyre n\u00eb ceremonin\u00eb e fejes\u00ebs.<\/p>\n<p>S\u00eb bashku me Alm\u00ebn, iu p\u00ebrcoll\u00ebm urimet m\u00eb t\u00eb p\u00ebrzem\u00ebrta Kryeministrit t\u00eb Ontarios, Doug Ford dhe zonj\u00ebs s\u00eb tij p\u00ebr vajz\u00ebn e tyre, si edhe familjar\u00ebve p\u00ebr \u00e7iftin e ri.<\/p>\n<p>Biseda miq\u00ebsore me t\u00eb pranish\u00ebm, nd\u00ebr t\u00eb cil\u00ebt an\u00ebtar\u00eb t\u00eb parlamentit dhe qeveris\u00eb s\u00eb Ontarios.<\/p>\n<p>Faleminderit John dhe Kyla q\u00eb p\u00ebrzgjodh\u00ebt t\u00eb prisni tort\u00ebn e p\u00ebrgatitur me mjesht\u00ebri nga shqiptaro-kanadez\u00ebt duarart\u00eb Bruna dhe Adi Brari, European Patisserie, me motive tradicionale shqiptare.<\/p>\n<p>Mir\u00ebnjoh\u00ebs ve\u00e7an\u00ebrisht p\u00ebr John, i cili krenar p\u00ebr origjin\u00ebn, e b\u00ebri Shqip\u00ebrin\u00eb pjes\u00eb t\u00eb fjal\u00ebs s\u00eb tij dhe ftoi t\u00eb pranishmit t\u00eb shqiptonin: Faleminderit!\u201d- shkruan ambasadori n\u00eb postimin e tij n\u00eb facebook.<img decoding=\"async\" src=\"https:\/\/euronews.al\/wp-content\/uploads\/2023\/06\/1-4.jpg\" \/><img decoding=\"async\" src=\"https:\/\/euronews.al\/wp-content\/uploads\/2023\/06\/3-3.jpg\" \/><img decoding=\"async\" src=\"https:\/\/euronews.al\/wp-content\/uploads\/2023\/06\/6-1.jpg\" \/><img decoding=\"async\" src=\"https:\/\/euronews.al\/wp-content\/uploads\/2023\/06\/4.jpg\" \/><img decoding=\"async\" src=\"https:\/\/euronews.al\/wp-content\/uploads\/2023\/06\/2-1.jpg\" \/><img decoding=\"async\" src=\"https:\/\/euronews.al\/wp-content\/uploads\/2023\/06\/1-4.jpg\" \/><\/p>\n","protected":false},"excerpt":{"rendered":"<p>Vajza e kryeministrit n\u00eb rajonin e Ontarios n\u00eb Kanada \u00ebsht\u00eb fejuar n\u00eb nj\u00eb ceremoni gala me nj\u00eb shtetas me origjin\u00eb shqiptare. Lajmi \u00ebsht\u00eb b\u00ebr\u00eb i ditur nga ambasadori i Shqip\u00ebris\u00eb n\u00eb Kanada, Ermal Mu\u00e7a, i cili ka qen\u00eb prezent n\u00eb ceremonin\u00eb e mbajtur. Teksa ka shp\u00ebrndar\u00eb disa foto nga dasma, ambasadori shqiptar n\u00ebnvizon se pjes\u00eb [&hellip;]<\/p>\n","protected":false},"author":5,"featured_media":60795,"comment_status":"closed","ping_status":"closed","sticky":false,"template":"","format":"standard","meta":{"footnotes":""},"categories":[1,7664,6332],"tags":[24124],"class_list":{"0":"post-60794","1":"post","2":"type-post","3":"status-publish","4":"format-standard","5":"has-post-thumbnail","7":"category-aktualitet","8":"category-bota","9":"category-te-fundit","10":"tag-emri-foto-shqiptari-fejohet-me-vajzen-e-kryeministrit-te-ontarios-ne-kanada"},"_links":{"self":[{"href":"https:\/\/jugulajm.net\/index.php?rest_route=\/wp\/v2\/posts\/60794","targetHints":{"allow":["GET"]}}],"collection":[{"href":"https:\/\/jugulajm.net\/index.php?rest_route=\/wp\/v2\/posts"}],"about":[{"href":"https:\/\/jugulajm.net\/index.php?rest_route=\/wp\/v2\/types\/post"}],"author":[{"embeddable":true,"href":"https:\/\/jugulajm.net\/index.php?rest_route=\/wp\/v2\/users\/5"}],"replies":[{"embeddable":true,"href":"https:\/\/jugulajm.net\/index.php?rest_route=%2Fwp%2Fv2%2Fcomments&post=60794"}],"version-history":[{"count":0,"href":"https:\/\/jugulajm.net\/index.php?rest_route=\/wp\/v2\/posts\/60794\/revisions"}],"wp:featuredmedia":[{"embeddable":true,"href":"https:\/\/jugulajm.net\/index.php?rest_route=\/wp\/v2\/media\/60795"}],"wp:attachment":[{"href":"https:\/\/jugulajm.net\/index.php?rest_route=%2Fwp%2Fv2%2Fmedia&parent=60794"}],"wp:term":[{"taxonomy":"category","embeddable":true,"href":"https:\/\/jugulajm.net\/index.php?rest_route=%2Fwp%2Fv2%2Fcategories&post=60794"},{"taxonomy":"post_tag","embeddable":true,"href":"https:\/\/jugulajm.net\/index.php?rest_route=%2Fwp%2Fv2%2Ftags&post=60794"}],"curies":[{"name":"wp","href":"https:\/\/api.w.org\/{rel}","templated":true}]}}