{"id":60710,"date":"2023-06-15T21:40:10","date_gmt":"2023-06-15T19:40:10","guid":{"rendered":"https:\/\/jugulajm.net\/?p=60710"},"modified":"2023-06-15T21:40:10","modified_gmt":"2023-06-15T19:40:10","slug":"video-e-frikshme-ne-maliq-uji-vershon-ne-banesa-e-rruge","status":"publish","type":"post","link":"https:\/\/jugulajm.net\/?p=60710","title":{"rendered":"VIDEO\/ E frikshme n\u00eb Maliq, uji v\u00ebrshon n\u00eb banesa e rrug\u00eb"},"content":{"rendered":"<p>Situat\u00eb e v\u00ebshtir\u00eb n\u00eb fshatin Z\u00ebmblak t\u00eb bashkis\u00eb Maliq.<\/p>\n<p>Shirat e dendur kan\u00eb v\u00ebrshuar drejt fshatit duke bllokuar rrug\u00ebt, po ashtu uji ka hyr\u00eb edhe n\u00eb banesa.<\/p>\n<p>N\u00eb fjal\u00ebn e tij, kryetari i bashkis\u00eb Maliq G\u00ebzim Top\u00e7iu, ka treguar se situata \u00ebsht\u00eb n\u00ebn kontroll, po nd\u00ebrhyhet p\u00ebr t\u00eb hapur rrug\u00ebt e brendshme t\u00eb fshatit, m\u00eb pas do t\u00eb shihen banesat e prekura.<\/p>\n<p>Banor\u00ebt e shqet\u00ebsuar kan\u00eb treguar d\u00ebmet e m\u00ebdha q\u00eb u jan\u00eb shkaktuar, duke u shprehur se uji ka hyr\u00eb brenda banesave, ka dhe nga ata banor\u00eb q\u00eb u \u00ebsht\u00eb rr\u00ebzuar nj\u00eb pjes\u00eb e banes\u00ebs (muret p\u00ebrreth), nd\u00ebrsa apelojn\u00eb p\u00ebr ndihm\u00eb.<\/p>\n<p>Emergjencat civile po nd\u00ebrhyjn\u00eb me fadroma p\u00ebr normalizim t\u00eb situat\u00ebs.<\/p>\n<div style=\"width: 240px;\" class=\"wp-video\"><!--[if lt IE 9]><script>document.createElement('video');<\/script><![endif]-->\n<video class=\"wp-video-shortcode\" id=\"video-60710-1\" width=\"240\" height=\"426\" preload=\"metadata\" controls=\"controls\"><source type=\"video\/mp4\" src=\"https:\/\/jugulajm.net\/wp-content\/uploads\/2023\/06\/E-frikshme-ne-Korce-uji-vershon-ne-banesa-bllokohen-te-gjitha-rruget-VIDEO-\u2013-FaxWeb.mp4?_=1\" \/><a href=\"https:\/\/jugulajm.net\/wp-content\/uploads\/2023\/06\/E-frikshme-ne-Korce-uji-vershon-ne-banesa-bllokohen-te-gjitha-rruget-VIDEO-\u2013-FaxWeb.mp4\">https:\/\/jugulajm.net\/wp-content\/uploads\/2023\/06\/E-frikshme-ne-Korce-uji-vershon-ne-banesa-bllokohen-te-gjitha-rruget-VIDEO-\u2013-FaxWeb.mp4<\/a><\/video><\/div>\n","protected":false},"excerpt":{"rendered":"<p>Situat\u00eb e v\u00ebshtir\u00eb n\u00eb fshatin Z\u00ebmblak t\u00eb bashkis\u00eb Maliq. Shirat e dendur kan\u00eb v\u00ebrshuar drejt fshatit duke bllokuar rrug\u00ebt, po ashtu uji ka hyr\u00eb edhe n\u00eb banesa. N\u00eb fjal\u00ebn e tij, kryetari i bashkis\u00eb Maliq G\u00ebzim Top\u00e7iu, ka treguar se situata \u00ebsht\u00eb n\u00ebn kontroll, po nd\u00ebrhyhet p\u00ebr t\u00eb hapur rrug\u00ebt e brendshme t\u00eb fshatit, m\u00eb [&hellip;]<\/p>\n","protected":false},"author":5,"featured_media":60711,"comment_status":"closed","ping_status":"closed","sticky":false,"template":"","format":"standard","meta":{"footnotes":""},"categories":[1,6332],"tags":[24096,24095],"class_list":{"0":"post-60710","1":"post","2":"type-post","3":"status-publish","4":"format-standard","5":"has-post-thumbnail","7":"category-aktualitet","8":"category-te-fundit","9":"tag-uji-vershon-ne-banesa-e-rruge","10":"tag-video-e-frikshme-ne-maliq"},"_links":{"self":[{"href":"https:\/\/jugulajm.net\/index.php?rest_route=\/wp\/v2\/posts\/60710","targetHints":{"allow":["GET"]}}],"collection":[{"href":"https:\/\/jugulajm.net\/index.php?rest_route=\/wp\/v2\/posts"}],"about":[{"href":"https:\/\/jugulajm.net\/index.php?rest_route=\/wp\/v2\/types\/post"}],"author":[{"embeddable":true,"href":"https:\/\/jugulajm.net\/index.php?rest_route=\/wp\/v2\/users\/5"}],"replies":[{"embeddable":true,"href":"https:\/\/jugulajm.net\/index.php?rest_route=%2Fwp%2Fv2%2Fcomments&post=60710"}],"version-history":[{"count":0,"href":"https:\/\/jugulajm.net\/index.php?rest_route=\/wp\/v2\/posts\/60710\/revisions"}],"wp:featuredmedia":[{"embeddable":true,"href":"https:\/\/jugulajm.net\/index.php?rest_route=\/wp\/v2\/media\/60711"}],"wp:attachment":[{"href":"https:\/\/jugulajm.net\/index.php?rest_route=%2Fwp%2Fv2%2Fmedia&parent=60710"}],"wp:term":[{"taxonomy":"category","embeddable":true,"href":"https:\/\/jugulajm.net\/index.php?rest_route=%2Fwp%2Fv2%2Fcategories&post=60710"},{"taxonomy":"post_tag","embeddable":true,"href":"https:\/\/jugulajm.net\/index.php?rest_route=%2Fwp%2Fv2%2Ftags&post=60710"}],"curies":[{"name":"wp","href":"https:\/\/api.w.org\/{rel}","templated":true}]}}