{"id":60636,"date":"2023-06-14T13:45:52","date_gmt":"2023-06-14T11:45:52","guid":{"rendered":"https:\/\/jugulajm.net\/?p=60636"},"modified":"2023-06-14T13:45:52","modified_gmt":"2023-06-14T11:45:52","slug":"18-urdher-arreste-nga-spak-per-pjesetare-grupi-kriminal-mes-te-arrestuarve-dhe-ish-shoferi-i-ardi-veliut","status":"publish","type":"post","link":"https:\/\/jugulajm.net\/?p=60636","title":{"rendered":"18 urdh\u00ebr-arreste nga SPAK p\u00ebr pjes\u00ebtar\u00eb grupi kriminal, mes t\u00eb arrestuarve dhe ish-shoferi i Ardi Veliut"},"content":{"rendered":"<p>SPAK ekzekuton 18 urdh\u00ebr arreste p\u00ebr disa t\u00eb dyshuar, pjes\u00ebtar\u00eb t\u00eb nj\u00eb grupi kriminal.<\/p>\n<p>Lajmi b\u00ebhet i ditur p\u00ebr \u201cBalkanWeb\u201d nga gazetarja Klodiana Lala, e cila raporton se mes t\u00eb arrestuarve ka dhe polic\u00eb.<\/p>\n<p>Po k\u00ebshtu m\u00ebsohet se tyre \u00ebsht\u00eb dhe ish-shoferi i Ardi Veliut, i cili ka qen\u00eb Drejtor i P\u00ebrgjithsh\u00ebm i Policis\u00eb s\u00eb Shtetit, i cili aktualisht mban postin e kreut t\u00eb Agjencis\u00eb s\u00eb Mbik\u00ebqyrjes Policore.<\/p>\n<p>Operacioni i SPAK \u00ebsht\u00eb n\u00eb vijim, teksa vijon ekzekutimi i masave.<\/p>\n","protected":false},"excerpt":{"rendered":"<p>SPAK ekzekuton 18 urdh\u00ebr arreste p\u00ebr disa t\u00eb dyshuar, pjes\u00ebtar\u00eb t\u00eb nj\u00eb grupi kriminal. Lajmi b\u00ebhet i ditur p\u00ebr \u201cBalkanWeb\u201d nga gazetarja Klodiana Lala, e cila raporton se mes t\u00eb arrestuarve ka dhe polic\u00eb. Po k\u00ebshtu m\u00ebsohet se tyre \u00ebsht\u00eb dhe ish-shoferi i Ardi Veliut, i cili ka qen\u00eb Drejtor i P\u00ebrgjithsh\u00ebm i Policis\u00eb s\u00eb [&hellip;]<\/p>\n","protected":false},"author":5,"featured_media":52047,"comment_status":"closed","ping_status":"closed","sticky":false,"template":"","format":"standard","meta":{"footnotes":""},"categories":[1,6332],"tags":[24064,24065],"class_list":{"0":"post-60636","1":"post","2":"type-post","3":"status-publish","4":"format-standard","5":"has-post-thumbnail","7":"category-aktualitet","8":"category-te-fundit","9":"tag-18-urdher-arreste-nga-spak-per-pjesetare-grupi-kriminal","10":"tag-mes-te-arrestuarve-dhe-ish-shoferi-i-ardi-veliut"},"_links":{"self":[{"href":"https:\/\/jugulajm.net\/index.php?rest_route=\/wp\/v2\/posts\/60636","targetHints":{"allow":["GET"]}}],"collection":[{"href":"https:\/\/jugulajm.net\/index.php?rest_route=\/wp\/v2\/posts"}],"about":[{"href":"https:\/\/jugulajm.net\/index.php?rest_route=\/wp\/v2\/types\/post"}],"author":[{"embeddable":true,"href":"https:\/\/jugulajm.net\/index.php?rest_route=\/wp\/v2\/users\/5"}],"replies":[{"embeddable":true,"href":"https:\/\/jugulajm.net\/index.php?rest_route=%2Fwp%2Fv2%2Fcomments&post=60636"}],"version-history":[{"count":0,"href":"https:\/\/jugulajm.net\/index.php?rest_route=\/wp\/v2\/posts\/60636\/revisions"}],"wp:featuredmedia":[{"embeddable":true,"href":"https:\/\/jugulajm.net\/index.php?rest_route=\/wp\/v2\/media\/52047"}],"wp:attachment":[{"href":"https:\/\/jugulajm.net\/index.php?rest_route=%2Fwp%2Fv2%2Fmedia&parent=60636"}],"wp:term":[{"taxonomy":"category","embeddable":true,"href":"https:\/\/jugulajm.net\/index.php?rest_route=%2Fwp%2Fv2%2Fcategories&post=60636"},{"taxonomy":"post_tag","embeddable":true,"href":"https:\/\/jugulajm.net\/index.php?rest_route=%2Fwp%2Fv2%2Ftags&post=60636"}],"curies":[{"name":"wp","href":"https:\/\/api.w.org\/{rel}","templated":true}]}}