{"id":60634,"date":"2023-06-14T13:00:44","date_gmt":"2023-06-14T11:00:44","guid":{"rendered":"https:\/\/jugulajm.net\/?p=60634"},"modified":"2023-06-14T13:00:44","modified_gmt":"2023-06-14T11:00:44","slug":"u-akuza-per-blerje-votash-beleri-kerkon-lirine-ne-gjykaten-e-larte","status":"publish","type":"post","link":"https:\/\/jugulajm.net\/?p=60634","title":{"rendered":"U akuza p\u00ebr blerje votash, Beleri k\u00ebrkon lirin\u00eb n\u00eb Gjykat\u00ebn e Lart\u00eb"},"content":{"rendered":"<p>Avokatet e kryebashkiakut t\u00eb zgjedhur t\u00eb Himar\u00ebs, Fredi Belerit, kan\u00eb dor\u00ebzuar rekurs n\u00eb Gjykat\u00ebn e Lart\u00eb.<\/p>\n<p>Beleri k\u00ebrkon rr\u00ebzimin e mas\u00ebs s\u00eb sigurimit \u201carrest n\u00eb burg\u201d, q\u00eb u la n\u00eb fuqi nga Gjykata e Posa\u00e7me e Apelit Kund\u00ebr Korrupsionit gje Krimit t\u00eb Organizuar.<\/p>\n<p>Kujtojm\u00eb se Beleri u arrestua n\u00eb 12 Maj, n\u00ebn dyshimet p\u00ebr \u201ckorrupsion pasiv n\u00eb zgjedhje e kryer n\u00eb bashkpunim\u201d.<\/p>\n<p>N\u00eb zgjedhjet e 14 majit, pavar\u00ebsisht se ishte n\u00eb burg, Beleri arriti t\u00eb merrte numrin e nevojsh\u00ebm t\u00eb votave p\u00ebr t\u00eb fituar gar\u00ebn n\u00eb Bashkin\u00eb e Himar\u00ebs.<\/p>\n","protected":false},"excerpt":{"rendered":"<p>Avokatet e kryebashkiakut t\u00eb zgjedhur t\u00eb Himar\u00ebs, Fredi Belerit, kan\u00eb dor\u00ebzuar rekurs n\u00eb Gjykat\u00ebn e Lart\u00eb. Beleri k\u00ebrkon rr\u00ebzimin e mas\u00ebs s\u00eb sigurimit \u201carrest n\u00eb burg\u201d, q\u00eb u la n\u00eb fuqi nga Gjykata e Posa\u00e7me e Apelit Kund\u00ebr Korrupsionit gje Krimit t\u00eb Organizuar. Kujtojm\u00eb se Beleri u arrestua n\u00eb 12 Maj, n\u00ebn dyshimet p\u00ebr \u201ckorrupsion [&hellip;]<\/p>\n","protected":false},"author":5,"featured_media":59101,"comment_status":"closed","ping_status":"closed","sticky":false,"template":"","format":"standard","meta":{"footnotes":""},"categories":[1,6332],"tags":[24063,24062],"class_list":{"0":"post-60634","1":"post","2":"type-post","3":"status-publish","4":"format-standard","5":"has-post-thumbnail","7":"category-aktualitet","8":"category-te-fundit","9":"tag-beleri-kerkon-lirine-ne-gjykaten-e-larte","10":"tag-u-akuza-per-blerje-votash"},"_links":{"self":[{"href":"https:\/\/jugulajm.net\/index.php?rest_route=\/wp\/v2\/posts\/60634","targetHints":{"allow":["GET"]}}],"collection":[{"href":"https:\/\/jugulajm.net\/index.php?rest_route=\/wp\/v2\/posts"}],"about":[{"href":"https:\/\/jugulajm.net\/index.php?rest_route=\/wp\/v2\/types\/post"}],"author":[{"embeddable":true,"href":"https:\/\/jugulajm.net\/index.php?rest_route=\/wp\/v2\/users\/5"}],"replies":[{"embeddable":true,"href":"https:\/\/jugulajm.net\/index.php?rest_route=%2Fwp%2Fv2%2Fcomments&post=60634"}],"version-history":[{"count":0,"href":"https:\/\/jugulajm.net\/index.php?rest_route=\/wp\/v2\/posts\/60634\/revisions"}],"wp:featuredmedia":[{"embeddable":true,"href":"https:\/\/jugulajm.net\/index.php?rest_route=\/wp\/v2\/media\/59101"}],"wp:attachment":[{"href":"https:\/\/jugulajm.net\/index.php?rest_route=%2Fwp%2Fv2%2Fmedia&parent=60634"}],"wp:term":[{"taxonomy":"category","embeddable":true,"href":"https:\/\/jugulajm.net\/index.php?rest_route=%2Fwp%2Fv2%2Fcategories&post=60634"},{"taxonomy":"post_tag","embeddable":true,"href":"https:\/\/jugulajm.net\/index.php?rest_route=%2Fwp%2Fv2%2Ftags&post=60634"}],"curies":[{"name":"wp","href":"https:\/\/api.w.org\/{rel}","templated":true}]}}