{"id":60571,"date":"2023-06-13T11:22:13","date_gmt":"2023-06-13T09:22:13","guid":{"rendered":"https:\/\/jugulajm.net\/?p=60571"},"modified":"2023-06-13T11:22:48","modified_gmt":"2023-06-13T09:22:48","slug":"dalin-detaje-nga-vrasja-e-23-vjecarit-delvinjot-ne-athine-2-shoke-e-derguan-ne-spital-dhe-u-zhduken","status":"publish","type":"post","link":"https:\/\/jugulajm.net\/?p=60571","title":{"rendered":"Dalin detaje nga vrasja e delvinjotit n\u00eb Athin\u00eb, 2 shok\u00eb e d\u00ebrguan n\u00eb spital dhe u zhduk\u00ebn&#8230;"},"content":{"rendered":"<p>23-vje\u266a5ari shqiptar, Ko\u00e7o Myftari, u vra n\u00eb or\u00ebt e para t\u00eb m\u00ebngjesit t\u00eb djesh\u00ebm n\u00eb Greqi.<\/p>\n<p>Sipas mediave fqinje, i riu u d\u00ebrgua nga dy shok\u00ebt e tij n\u00eb spitalin e Athin\u00ebs \u201cEvangelismos\u201d, por m\u00eb pas ata u zhduk\u00ebn. 23-vje\u00e7ari \u00ebsht\u00eb futur n\u00eb sall\u00ebn e operacionit, por mjek\u00ebt nuk kan\u00eb pasur koh\u00eb ta operojn\u00eb, pasi ai ka dh\u00ebn\u00eb frym\u00ebn e fundit. Ai kishte marr\u00eb nj\u00eb goditje nga nj\u00eb thik\u00eb n\u00eb zon\u00ebn e shpatull\u00ebs.<\/p>\n<p>Nj\u00eb ekip nga Departamenti i Vrasjeve shkoi n\u00eb Evangelismos p\u00ebr t\u00eb zbuluar sakt\u00ebsisht se \u00e7far\u00eb ndodhi. Dy persona, miq t\u00eb 23-vje\u00e7arit jan\u00eb akuzuar p\u00ebr ngjarjen pasi jan\u00eb ata q\u00eb e kan\u00eb l\u00ebn\u00eb n\u00eb spital dhe m\u00eb pas jan\u00eb zhdukur.<\/p>\n<p>Ata u treguan mjek\u00ebve se nj\u00eb person i tret\u00eb e goditi me thik\u00eb shqiptarin n\u00eb qend\u00ebr t\u00eb Athin\u00ebs, por mbetet e panjohur pse miqt\u00eb e tij e lan\u00eb 23-vje\u00e7aren dhe nxituan t\u00eb zhdukeshin. Ka dyshime se vrasja e t\u00eb riut ka lidhje me pazaret e drog\u00ebs.<\/p>\n","protected":false},"excerpt":{"rendered":"<p>23-vje\u266a5ari shqiptar, Ko\u00e7o Myftari, u vra n\u00eb or\u00ebt e para t\u00eb m\u00ebngjesit t\u00eb djesh\u00ebm n\u00eb Greqi. Sipas mediave fqinje, i riu u d\u00ebrgua nga dy shok\u00ebt e tij n\u00eb spitalin e Athin\u00ebs \u201cEvangelismos\u201d, por m\u00eb pas ata u zhduk\u00ebn. 23-vje\u00e7ari \u00ebsht\u00eb futur n\u00eb sall\u00ebn e operacionit, por mjek\u00ebt nuk kan\u00eb pasur koh\u00eb ta operojn\u00eb, pasi [&hellip;]<\/p>\n","protected":false},"author":5,"featured_media":60528,"comment_status":"closed","ping_status":"closed","sticky":false,"template":"","format":"standard","meta":{"footnotes":""},"categories":[1,6332],"tags":[24033,24032],"class_list":{"0":"post-60571","1":"post","2":"type-post","3":"status-publish","4":"format-standard","5":"has-post-thumbnail","7":"category-aktualitet","8":"category-te-fundit","9":"tag-2-shoke-e-derguan-ne-spital-dhe-u-zhduken","10":"tag-dalin-detaje-nga-vrasja-e-23-vjecarit-delvinjot-ne-athine"},"_links":{"self":[{"href":"https:\/\/jugulajm.net\/index.php?rest_route=\/wp\/v2\/posts\/60571","targetHints":{"allow":["GET"]}}],"collection":[{"href":"https:\/\/jugulajm.net\/index.php?rest_route=\/wp\/v2\/posts"}],"about":[{"href":"https:\/\/jugulajm.net\/index.php?rest_route=\/wp\/v2\/types\/post"}],"author":[{"embeddable":true,"href":"https:\/\/jugulajm.net\/index.php?rest_route=\/wp\/v2\/users\/5"}],"replies":[{"embeddable":true,"href":"https:\/\/jugulajm.net\/index.php?rest_route=%2Fwp%2Fv2%2Fcomments&post=60571"}],"version-history":[{"count":0,"href":"https:\/\/jugulajm.net\/index.php?rest_route=\/wp\/v2\/posts\/60571\/revisions"}],"wp:featuredmedia":[{"embeddable":true,"href":"https:\/\/jugulajm.net\/index.php?rest_route=\/wp\/v2\/media\/60528"}],"wp:attachment":[{"href":"https:\/\/jugulajm.net\/index.php?rest_route=%2Fwp%2Fv2%2Fmedia&parent=60571"}],"wp:term":[{"taxonomy":"category","embeddable":true,"href":"https:\/\/jugulajm.net\/index.php?rest_route=%2Fwp%2Fv2%2Fcategories&post=60571"},{"taxonomy":"post_tag","embeddable":true,"href":"https:\/\/jugulajm.net\/index.php?rest_route=%2Fwp%2Fv2%2Ftags&post=60571"}],"curies":[{"name":"wp","href":"https:\/\/api.w.org\/{rel}","templated":true}]}}