{"id":60494,"date":"2023-06-11T21:18:50","date_gmt":"2023-06-11T19:18:50","guid":{"rendered":"https:\/\/jugulajm.net\/?p=60494"},"modified":"2023-06-11T21:20:37","modified_gmt":"2023-06-11T19:20:37","slug":"video-deklarate-tronditese-nipi-i-gruas-me-tha-se-femijet-e-mi-jane-te-tij","status":"publish","type":"post","link":"https:\/\/jugulajm.net\/?p=60494","title":{"rendered":"VIDEO\/ Deklarat\u00eb trondit\u00ebse: Nipi i gruas m\u00eb tha se f\u00ebmij\u00ebt e mi jan\u00eb t\u00eb tij&#8230;"},"content":{"rendered":"<p>Viktori dhe Harilla jan\u00eb djem xhaxhallar\u00ebsh por n\u00eb konflikt i ka futur nj\u00eb makin\u00eb. Viktori e ka thirrur n\u00eb \u201cShihemi n\u00eb Gjyq\u201d p\u00ebr t\u2019i k\u00ebrkuar t\u2019i kthej\u00eb mbrapsht makin\u00ebn e djalit t\u00eb tij t\u00eb vet\u00ebm i cili ka nd\u00ebrruar\u00a0 jet\u00eb nj\u00eb vit e gjysm\u00eb m\u00eb par\u00eb.<\/p>\n<p>Harilla i thot\u00eb se e kupton problemin e tij, por edhe ai ka mjaftuesh\u00ebm gj\u00ebra q\u00eb e shqet\u00ebsojn\u00eb dhe k\u00ebrkon prej Viktorit q\u00eb ta mir\u00ebkuptoj\u00eb. Ai nis t\u00eb rendis\u00eb n\u00eb rubrik\u00ebn e programit \u201cE Diela Shqiptare\u201d problemet q\u00eb ka dhe nj\u00eb prej tyre p\u00ebrmban edhe nj\u00eb akuz\u00eb t\u00eb r\u00ebnd\u00eb<\/p>\n<p><iframe loading=\"lazy\" class=\"entered litespeed-loaded\" title=\"YouTube video player\" src=\"https:\/\/www.youtube.com\/embed\/e_qj_kU0aIA\" width=\"560\" height=\"315\" frameborder=\"0\" allowfullscreen=\"allowfullscreen\" data-lazyloaded=\"1\" data-src=\"https:\/\/www.youtube.com\/embed\/e_qj_kU0aIA\" data-ll-status=\"loaded\" data-mce-fragment=\"1\"><\/iframe><\/p>\n<p><strong>Harilla:\u00a0<\/strong><em>Kam halle tej mase.<\/em><\/p>\n<p><strong>Eni \u00c7obani:\u00a0<\/strong><em>\u00c7far\u00eb halli?<\/em><\/p>\n<p><strong>Harilla:\u00a0<\/strong><em>Iku gruaja me gjith\u00eb kalamajt\u00eb.<\/em><\/p>\n<p><strong>Viktor:\u00a0<\/strong><em>P\u00ebr hallin q\u00eb ke, edhe un\u00eb ta qaj hallin.<\/em><\/p>\n<p><strong>Harilla:\u00a0<\/strong><em>Iku gruaja me lek t\u00eb\u00a0 madh, ka shitur tok\u00ebn andej q\u00eb jemi.<\/em><\/p>\n<p><strong>Viktor:\u00a0<\/strong><em>Nga m\u2019i sajon k\u00ebto gj\u00ebra?<\/em><\/p>\n<p><strong>Eni \u00c7obani:\u00a0<\/strong><em>Po mir\u00eb mo, tok\u00ebn e vet ka shitur ajo.<\/em><\/p>\n<p><strong>Harilla:\u00a0<\/strong><em>Tok\u00ebn e vet po i ka marr\u00eb\u2026 kalamajt\u00eb i rrita un\u00eb, donin libra. I thirra nip\u00e7es, hajde k\u00ebtu, kush i merr lek\u00ebt? M\u00eb tha q\u00eb \u201charroji lek\u00ebt\u201d. Kush je ti o v\u00eblla? \u201cHarroji lek\u00ebt, s\u2019merr dot lek\u00eb ti aty\u201d. I thash\u00eb dy rrug\u00eb jan\u00eb, i thash\u00eb gruas s\u2019ke faj ti, o me t\u00eb o me mua. Iku gruaja me at\u00eb.<\/em><\/p>\n<p><strong>Eni \u00c7obani:\u00a0<\/strong><em>Si iku me at\u00eb?<\/em><\/p>\n<p><strong>Harilla:\u00a0<\/strong><em>M\u00eb thot\u00eb nip\u00e7ja mua q\u00eb \u201cs\u2019jan\u00eb kalamajt\u00eb e tu, jan\u00eb t\u00eb mit\u00eb\u201d. Ore je mir\u00eb nga trut\u00eb ti?<\/em><\/p>\n<p>N\u00eb k\u00ebt\u00eb moment, Ardit Gjebrea dhe Eni \u00c7obani kan\u00eb mbetur t\u00eb habitur nga deklarata e Harill\u00ebs. Ky i fundit thot\u00eb se ve\u00e7 k\u00ebsaj, ka problem me n\u00ebn\u00ebn, v\u00ebllain dhe motr\u00ebn.<\/p>\n<p><strong>Harilla:\u00a0<\/strong><em>Gruaja po b\u00ebn 1 vit e gjysm\u00eb, gati 2 vjet nuk kam takuar m\u00eb kalamajt\u00eb fare.<\/em><\/p>\n<p><strong>Ardit Gjebrea:\u00a0<\/strong><em>Pra gruaja \u00ebsht\u00eb gjall\u00eb?<\/em><\/p>\n<p><strong>Harilla:\u00a0<\/strong><em>Po ishte aty gruaja, n\u00eb sht\u00ebpi, me familje. Un\u00eb kisha n\u00ebn\u00ebn s\u00ebmur\u00eb, t\u00eb paralizuar dhe v\u00ebllan\u00eb me t\u00eb meta mendore dhe motra merrte pensionin. I denoncova te \u201cNews\u201d-i,\u00a0 as lek\u00eb asgj\u00eb s\u2019m\u00eb kthyen, por ikte nga sht\u00ebpia, \u201chajde n\u00ebne firmos k\u00ebtu\u201d. \u00c7\u2019t\u00eb firmos\u00eb n\u00ebna, \u00ebsht\u00eb pa vet\u00ebdije dhe v\u00ebllai me t\u00eb meta, un\u00eb e di \u00e7\u2019kam hequr me ata.<\/em><\/p>\n<p><strong>Ardit Gjebrea:\u00a0<\/strong><em>Kush i mori firmat?<\/em><\/p>\n<p><strong>Harilla:\u00a0<\/strong><em>Motra.<\/em><\/p>\n<p>Harilla thot\u00eb se gruaja e tij ka shitur tok\u00ebn n\u00eb Marin\u00ebz p\u00ebr 96 milion\u00eb Lek\u00eb. Ai i rikthehet s\u00ebrish fjal\u00ebve q\u00eb i ka th\u00ebn\u00eb nipi i bashk\u00ebshortes.<\/p>\n<p><strong>Harilla:\u00a0<\/strong><em>M\u00eb tha nip\u00e7ja mua q\u00eb s\u2019jan\u00eb t\u00eb tut\u00eb.<\/em><\/p>\n<p><strong>Ardit Gjebrea:\u00a0<\/strong><em>Nip\u00e7ja yt?<\/em><\/p>\n<p><strong>Harilla:\u00a0<\/strong><em>\u00c7uni i v\u00ebllait t\u00eb saj.<\/em><\/p>\n<p><strong>Ardit Gjebrea:\u00a0<\/strong><em>\u00c7uni i v\u00ebllait t\u00eb saj t\u00eb tha q\u00eb f\u00ebmij\u00ebt e tu s\u2019jan\u00eb t\u00eb tut\u00eb?<\/em><\/p>\n<p><strong>Harilla: \u201c<\/strong><em>S\u2019jan\u00eb t\u00eb tut\u00eb se jan\u00eb t\u00eb mit\u00eb\u201d tha ai. Ore ti je mir\u00eb ti apo jo? N\u00eb sy t\u00eb kalamajve.<\/em><\/p>\n<p>Harilla shton se gruaja dhe tre f\u00ebmij\u00ebt q\u00ebndruan thuajse tre muaj me familjen e nipit t\u00eb saj, i cili \u00ebsht\u00eb i martuar.<\/p>\n","protected":false},"excerpt":{"rendered":"<p>Viktori dhe Harilla jan\u00eb djem xhaxhallar\u00ebsh por n\u00eb konflikt i ka futur nj\u00eb makin\u00eb. Viktori e ka thirrur n\u00eb \u201cShihemi n\u00eb Gjyq\u201d p\u00ebr t\u2019i k\u00ebrkuar t\u2019i kthej\u00eb mbrapsht makin\u00ebn e djalit t\u00eb tij t\u00eb vet\u00ebm i cili ka nd\u00ebrruar\u00a0 jet\u00eb nj\u00eb vit e gjysm\u00eb m\u00eb par\u00eb. Harilla i thot\u00eb se e kupton problemin e tij, [&hellip;]<\/p>\n","protected":false},"author":5,"featured_media":60495,"comment_status":"closed","ping_status":"closed","sticky":false,"template":"","format":"standard","meta":{"footnotes":""},"categories":[1,6332],"tags":[24001],"class_list":{"0":"post-60494","1":"post","2":"type-post","3":"status-publish","4":"format-standard","5":"has-post-thumbnail","7":"category-aktualitet","8":"category-te-fundit","9":"tag-video-deklarate-tronditese-nipi-i-gruas-me-tha-se-femijet-e-mi-jane-te-tij"},"_links":{"self":[{"href":"https:\/\/jugulajm.net\/index.php?rest_route=\/wp\/v2\/posts\/60494","targetHints":{"allow":["GET"]}}],"collection":[{"href":"https:\/\/jugulajm.net\/index.php?rest_route=\/wp\/v2\/posts"}],"about":[{"href":"https:\/\/jugulajm.net\/index.php?rest_route=\/wp\/v2\/types\/post"}],"author":[{"embeddable":true,"href":"https:\/\/jugulajm.net\/index.php?rest_route=\/wp\/v2\/users\/5"}],"replies":[{"embeddable":true,"href":"https:\/\/jugulajm.net\/index.php?rest_route=%2Fwp%2Fv2%2Fcomments&post=60494"}],"version-history":[{"count":0,"href":"https:\/\/jugulajm.net\/index.php?rest_route=\/wp\/v2\/posts\/60494\/revisions"}],"wp:featuredmedia":[{"embeddable":true,"href":"https:\/\/jugulajm.net\/index.php?rest_route=\/wp\/v2\/media\/60495"}],"wp:attachment":[{"href":"https:\/\/jugulajm.net\/index.php?rest_route=%2Fwp%2Fv2%2Fmedia&parent=60494"}],"wp:term":[{"taxonomy":"category","embeddable":true,"href":"https:\/\/jugulajm.net\/index.php?rest_route=%2Fwp%2Fv2%2Fcategories&post=60494"},{"taxonomy":"post_tag","embeddable":true,"href":"https:\/\/jugulajm.net\/index.php?rest_route=%2Fwp%2Fv2%2Ftags&post=60494"}],"curies":[{"name":"wp","href":"https:\/\/api.w.org\/{rel}","templated":true}]}}