{"id":60443,"date":"2023-06-10T18:56:26","date_gmt":"2023-06-10T16:56:26","guid":{"rendered":"https:\/\/jugulajm.net\/?p=60443"},"modified":"2023-06-10T18:56:40","modified_gmt":"2023-06-10T16:56:40","slug":"video-shqiptaret-veshin-new-york-un-kuqezi-festojne-145-vjetorin-e-lidhjes-se-prizrenit","status":"publish","type":"post","link":"https:\/\/jugulajm.net\/?p=60443","title":{"rendered":"VIDEO\/ Shqiptar\u00ebt &#8216;veshin&#8217; New York-un kuqezi, festojn\u00eb 145-vjetorin e Lidhjes s\u00eb Prizrenit"},"content":{"rendered":"<p>Qyteti m\u00eb i madh i Shteteve t\u00eb Bashkuara t\u00eb Amerik\u00ebs, New\u00a0York City \u00ebsht\u00eb veshur dit\u00ebn e sotme me ngjyrat e flamurit shqiptar. Qindra shqiptar\u00eb q\u00eb jetojn\u00eb atje, jan\u00eb mbledhur p\u00ebr t\u00eb pestin vit radhazi p\u00ebr t\u00eb festuar 145 vjetorin e Lidhjes Shqiptare t\u00eb Prizrenit.<\/p>\n<div class=\"ads_desktop\">\n<p>Rrug\u00ebt e New Yorkut jan\u00eb pushtuar nga motivet tradicionale shqiptare, si veshjet popullore e deri tek vallet me k\u00ebng\u00ebt tradicionale shqiptare. Nuk munguan as thirrjet p\u00ebr Ushtrin\u00eb \u00c7lirimtare t\u00eb Kosov\u00ebs. Korrespondenti i Report Tv n\u00eb SHBA, Denion Ndrenika p\u00ebrshkroi atmosfer\u00ebn n\u00eb New York, nd\u00ebrsa tha se t\u00eb pranish\u00ebm jan\u00eb edhe deputet\u00eb t\u00eb Kuvendit t\u00eb Shqip\u00ebris\u00eb dhe Kosov\u00ebs.<\/p>\n<\/div>\n<p>\u201cN\u00eb k\u00ebt\u00eb 145 vjetor t\u00eb lidhjes shqiptare t\u00eb Prizrenit shoqatat e komunitetet shqiptaro-amerikan organizojn\u00eb parad\u00ebn, ose marshimin e shqiptar\u00ebve. Ky \u00ebsht\u00eb viti i 15 me radh\u00eb q\u00eb organizohet n\u00eb mes t\u00eb New York kjo veprimtari. Organizator\u00ebt kryesor\u00eb jan\u00eb Albanian Roots. \u00cbsht\u00eb interesante se vit pas viti, s\u2019ka pasur asnj\u00eb lloj problematike, as nga organizimi nga vet\u00eb organizator\u00ebt as nga dh\u00ebnia e lejes apo mbik\u00ebqyrjen e rendit dhe siguris\u00eb nga autoritetet. Kjo \u00ebsht\u00eb p\u00ebr tu ve\u00e7uar pasi shpesh n\u00eb kremtime t\u00eb tilla niveli i siguris\u00eb rritet edhe p\u00ebr shkak t\u00eb pjes\u00ebmarr\u00ebsve t\u00eb mundsh\u00ebm.<\/p>\n<p>Bashk\u00ebpunimi \u00ebsht\u00eb edhe me bashkin\u00eb e New York, q\u00eb tek parkimi, festa. Kjo \u00ebsht\u00eb hera\u00a0 e 15 me radh\u00eb q\u00eb organizohet. Ka t\u00eb ftuar edhe deputet\u00eb t\u00eb Kuvendit t\u00eb Shqip\u00ebris\u00eb dhe Kosov\u00ebs, tematika \u00ebsht\u00eb patriotike e shoq\u00ebruar me k\u00ebng\u00eb e valle nga trevat t\u00eb ndryshme t\u00eb Shqip\u00ebris\u00eb etnike, referuar gjithmon\u00eb vendimeve t\u00eb marr\u00eb n\u00eb Lidhjen e Prizrenit\u201d, tha Ndrenika.<\/p>\n<p><strong>Lidhja e Prizrenit<\/strong><br \/>\n10 qershori \u00ebsht\u00eb nj\u00eb dat\u00eb me shum\u00eb pesh\u00eb n\u00eb historin\u00eb e kombit shqiptar. N\u00eb vitin 1878 t\u00eb k\u00ebsaj date u mbajt Kuvendi i Prizrenit, i cili shpalli formimin e Lidhjes s\u00eb Prizrenit. Punimet e k\u00ebtij kuvendi u drejtuan nga Iljaz Pash\u00eb Dibra, nd\u00ebrsa programi politik ishte hartuar nga ideolog\u00ebt e kombit shqiptar si Sami Frash\u00ebri, Pashko Vasa, Abdyl Frash\u00ebri, Jani Vreto, Zija Prishtina e t\u00eb tjer\u00eb. Lidhja e Prizrenit p\u00ebrb\u00ebn organizat\u00ebn e par\u00eb politike dhe ushtarake t\u00eb mbar\u00eb kombit shqiptar.<\/p>\n<p>Asokohe, Kuvendi hapi dyert p\u00ebr t\u00eb pritur delegat\u00ebt, t\u00eb cil\u00ebt do t\u00eb vinin nga t\u00eb kat\u00ebrt Vilajetet e Shqip\u00ebris\u00eb: Shkodr\u00ebs, Manastirit, Janin\u00ebs dhe Kosov\u00ebs. \u00a0Kjo lidhje synonte bashkimin e trojeve shqiptare n\u00eb nj\u00eb vilajet t\u00eb vet\u00ebm, shpalljen e ndarjes p\u00ebrfundimtare nga sundimi osman, si dhe t\u00eb d\u00ebshmonte n\u00eb mbar\u00eb opinionin publik europian se shqiptar\u00ebt ishin nj\u00eb komb i ve\u00e7ant\u00eb n\u00eb Ballkan pavar\u00ebsisht ndryshimeve fetare.<\/p>\n<div style=\"width: 424px;\" class=\"wp-video\"><!--[if lt IE 9]><script>document.createElement('video');<\/script><![endif]-->\n<video class=\"wp-video-shortcode\" id=\"video-60443-1\" width=\"424\" height=\"240\" preload=\"metadata\" controls=\"controls\"><source type=\"video\/mp4\" src=\"https:\/\/jugulajm.net\/wp-content\/uploads\/2023\/06\/10000000_23967636066169015_3010193972651490909_n.mp4?_=1\" \/><a href=\"https:\/\/jugulajm.net\/wp-content\/uploads\/2023\/06\/10000000_23967636066169015_3010193972651490909_n.mp4\">https:\/\/jugulajm.net\/wp-content\/uploads\/2023\/06\/10000000_23967636066169015_3010193972651490909_n.mp4<\/a><\/video><\/div>\n","protected":false},"excerpt":{"rendered":"<p>Qyteti m\u00eb i madh i Shteteve t\u00eb Bashkuara t\u00eb Amerik\u00ebs, New\u00a0York City \u00ebsht\u00eb veshur dit\u00ebn e sotme me ngjyrat e flamurit shqiptar. Qindra shqiptar\u00eb q\u00eb jetojn\u00eb atje, jan\u00eb mbledhur p\u00ebr t\u00eb pestin vit radhazi p\u00ebr t\u00eb festuar 145 vjetorin e Lidhjes Shqiptare t\u00eb Prizrenit. Rrug\u00ebt e New Yorkut jan\u00eb pushtuar nga motivet tradicionale shqiptare, si [&hellip;]<\/p>\n","protected":false},"author":5,"featured_media":60445,"comment_status":"closed","ping_status":"closed","sticky":false,"template":"","format":"standard","meta":{"footnotes":""},"categories":[1,7664,6332],"tags":[23982,23981],"class_list":{"0":"post-60443","1":"post","2":"type-post","3":"status-publish","4":"format-standard","5":"has-post-thumbnail","7":"category-aktualitet","8":"category-bota","9":"category-te-fundit","10":"tag-festojne-145-vjetorin-e-lidhjes-se-prizrenit","11":"tag-video-shqiptaret-veshin-new-york-un-kuqezi"},"_links":{"self":[{"href":"https:\/\/jugulajm.net\/index.php?rest_route=\/wp\/v2\/posts\/60443","targetHints":{"allow":["GET"]}}],"collection":[{"href":"https:\/\/jugulajm.net\/index.php?rest_route=\/wp\/v2\/posts"}],"about":[{"href":"https:\/\/jugulajm.net\/index.php?rest_route=\/wp\/v2\/types\/post"}],"author":[{"embeddable":true,"href":"https:\/\/jugulajm.net\/index.php?rest_route=\/wp\/v2\/users\/5"}],"replies":[{"embeddable":true,"href":"https:\/\/jugulajm.net\/index.php?rest_route=%2Fwp%2Fv2%2Fcomments&post=60443"}],"version-history":[{"count":0,"href":"https:\/\/jugulajm.net\/index.php?rest_route=\/wp\/v2\/posts\/60443\/revisions"}],"wp:featuredmedia":[{"embeddable":true,"href":"https:\/\/jugulajm.net\/index.php?rest_route=\/wp\/v2\/media\/60445"}],"wp:attachment":[{"href":"https:\/\/jugulajm.net\/index.php?rest_route=%2Fwp%2Fv2%2Fmedia&parent=60443"}],"wp:term":[{"taxonomy":"category","embeddable":true,"href":"https:\/\/jugulajm.net\/index.php?rest_route=%2Fwp%2Fv2%2Fcategories&post=60443"},{"taxonomy":"post_tag","embeddable":true,"href":"https:\/\/jugulajm.net\/index.php?rest_route=%2Fwp%2Fv2%2Ftags&post=60443"}],"curies":[{"name":"wp","href":"https:\/\/api.w.org\/{rel}","templated":true}]}}