{"id":60398,"date":"2023-06-09T21:09:41","date_gmt":"2023-06-09T19:09:41","guid":{"rendered":"https:\/\/jugulajm.net\/?p=60398"},"modified":"2023-06-09T21:09:41","modified_gmt":"2023-06-09T19:09:41","slug":"suela-braktisi-2-vajzat-e-mitura-gjendet-pas-8-vitesh-ika-se-me-kercenuan-e-bija-e-pyet-nese","status":"publish","type":"post","link":"https:\/\/jugulajm.net\/?p=60398","title":{"rendered":"Suela, braktisi 2 vajzat e mitura, gjendet pas 8 vitesh: Ika se m\u00eb k\u00ebrc\u00ebnuan, e bija e pyet n\u00ebse&#8230;"},"content":{"rendered":"<p>Pas 8 vitesh, merr fund historia e zhdukjes s\u00eb Suela Gjonajt. M\u00eb 27 qershor t\u00eb vitit 2015 braktisi dy vajzat e mitura (2 dhe 4 vje\u00e7) n\u00eb sht\u00ebpin\u00eb e prind\u00ebrve n\u00eb Pogradec dhe n\u00eb dhom\u00ebn e kunat\u00ebs kishte marr\u00eb t\u00eb gjitha bizhuterit\u00eb me vler\u00eb.\u00a0Prind\u00ebrit e saj ishin n\u00eb emisionin \u2018Pa gjurm\u00eb\u2019 n\u00eb Report TV, ku treguan detaje rreth asaj historie kur e bija ishte njohur me dik\u00eb tjet\u00ebr por sot, m\u00eb n\u00eb fund arrit\u00ebn t\u00eb kishin kontakt me t\u00eb.<\/p>\n<p>Ata thon\u00eb q\u00eb kan\u00eb b\u00ebr\u00eb debate t\u00eb m\u00ebdha derisa vajza nj\u00eb dit\u00eb la t\u00eb bijat e vogla dhe shkoi n\u00eb drejtim t\u00eb paditur. Familjes i kishte th\u00ebn\u00eb se do t\u00eb merrte rrobat n\u00eb Vlor\u00eb, por fqinjt\u00eb e zon\u00ebs e kishin par\u00eb q\u00eb t\u00eb largohej me nj\u00eb makin\u00eb private, jo me furgonin e linj\u00ebs.<\/p>\n<p>\u201cNe menduam se ishte lidhur me nj\u00eb tjet\u00ebr. K\u00ebtu i kam b\u00ebr\u00eb presion, kemi pasur debate. Nuk kam goditur kurr\u00eb. I thash\u00eb nuk jam dakord, ke 2 vajza. Kur b\u00ebri debat her\u00ebn e par\u00eb, e mori i shoqi e pranoi. I mbajta un\u00eb 6 muaj dhe m\u00eb pas dol\u00ebn me qira se nuk i mbaja dot. Pas 6 muajsh ik\u00ebn n\u00eb Vlor\u00eb. Vajza gjoja pastronte n\u00eb hotele. Nga fundi punonte n\u00eb nj\u00eb bamir\u00ebsi se cfar\u00eb ishte nuk e di. Mbaroi pun\u00eb tha do vij disa dit\u00eb. I shoqi b\u00ebnte si\u00e7 i thoshte ajo.<\/p>\n<div class=\"insertion-box\">\n<div id=\"MDA8604\" class=\"\" data-adid=\"mda117905\" data-netid=\"137356148\" data-sizes=\"300x250\" data-google-query-id=\"CPf6peXwtv8CFZcEBgAdt2gDbQ\">\n<div id=\"google_ads_iframe_\/137356148\/mda117905_0__container__\">Dit\u00ebn q\u00eb iku nuk b\u00ebra debat. Na tha do iki, do m\u00eb mbani vajzat se do iki t\u00eb marr rrobat n\u00eb Vlor\u00eb. Vajza donte t\u00eb ikte dhe jam b\u00ebr\u00eb pishman q\u00eb nuk e kam shoq\u00ebruar. Nuk ka ikur me furgon por e kan\u00eb marr\u00eb me makin\u00eb t\u00eb vog\u00ebl. E mora n\u00eb telefon dit\u00ebn e par\u00eb, m\u00eb thoshte jam n\u00eb Tiran\u00eb, Durr\u00ebs, dhe jemi z\u00ebn\u00eb n\u00eb telefon\u201d, tha Astrit Gjonaj.<\/div>\n<\/div>\n<\/div>\n<p>Suela krijoi jet\u00ebn e saj n\u00eb Maqedoni, ku ka 2 f\u00ebmij\u00eb dhe nuk do t\u00eb kthehet pas. Sipas Suel\u00ebs, n\u00eb vitin 2015 \u00ebsht\u00eb larguar p\u00ebr n\u00eb Durr\u00ebs ku ka q\u00ebndruar p\u00ebr 3 vite derisa u njoh me bashk\u00ebshortin aktual.<\/p>\n<p>Ajo u shpreh se vajzat nuk i mori me vete sepse pas divorcit komunikoi me psikologen, e cila i tha se t\u00eb bijat flisnin keq p\u00ebr t\u00eb. Sipas saj, nga familja u largua se pati dhun\u00eb. K\u00ebt\u00eb gj\u00eb e mohon vet\u00eb n\u00ebna e saj, Fatmira Gjona, e cila thot\u00eb se nuk e kan\u00eb prekur me dor\u00eb.<\/p>\n<p>Pas telefonat\u00ebs s\u00eb dyt\u00eb, Suela telefonoi s\u00ebrish drejtuesen e emisionit, duke i pranuar se do t\u00eb ket\u00eb kontakt me to. Gjat\u00eb transmetimit live, Suela kontaktoi direkt me familjen dhe me vajz\u00ebn e saj t\u00eb madhe.<\/p>\n<p>Suela:\u00a0A m\u00eb d\u00ebgjoni?<\/p>\n<p>N\u00ebna:\u00a0Suela mir\u00eb je?<\/p>\n<p>Suela:\u00a0Mir\u00eb.<\/p>\n<p>N\u00ebna:\u00a0M\u00eb njeh kush jam?<\/p>\n<p>Suela:\u00a0Jo, nuk t\u00eb njoh hi\u00e7.<\/p>\n<p>N\u00ebna:\u00a0Si nuk t\u00eb erdhi keq na ike na le me lot n\u00eb faqe?<\/p>\n<p>Suela:\u00a0Ju erdhi keq juve. At\u00ebher\u00eb s\u2019m\u00eb ndihmuat, m\u00eb lat\u00eb n\u00eb dor\u00ebn e atyre q\u00eb m\u00eb p\u00ebrdor\u00ebn.<\/p>\n<p>Babai: Kush t\u00eb la moj qene?<\/p>\n<p>Suela:\u00a0Pse nuk m\u00eb besove kur t\u00eb thash\u00eb q\u00eb m\u00eb k\u00ebrc\u00ebnojn\u00eb?<\/p>\n<p>Babai:\u00a0Ti the do iki n\u00eb Vlor\u00eb.<\/p>\n<p>Suela:\u00a0Nuk \u00ebsht\u00eb e nevojshme me b\u00ebrtit.<\/p>\n<p>Babai:\u00a0A je mir\u00eb atje ku je?<\/p>\n<p>Suela:\u00a0Mir\u00eb jam.<\/p>\n<p>Babai:\u00a0Mbar\u00eb e mir\u00eb ta b\u00ebft\u00eb zoti. \u00c7upat q\u00eb ke l\u00ebn\u00eb aty i ke pjell\u00eb ti.<\/p>\n<p>Suela:\u00a0\u00c7upat i kam k\u00ebrkuar un\u00eb, por nuk mi la. Fola me Nelsin e psikologen.<\/p>\n<p>Babai: \u00c7upat nuk i more ti. Isha vet\u00eb n\u00eb gjyq kur tha se cupat duhet t\u2019i marr\u00eb e \u00ebma. Moj Suel\u00eb, kur shohim emisione ne p\u00ebr ty qajm\u00eb. T\u00eb marr\u00eb burrin e t\u00eb vij\u00eb te ne po t\u00eb doj\u00eb.<\/p>\n<p>Pas tyre zhvillon nj\u00eb bised\u00eb me nj\u00eb prej vajzave, e cila e pyet n\u00ebse e ka marr\u00eb malli dhe m\u00eb pas zgjedh t\u00eb mos flas\u00eb m\u00eb me t\u00eb.<\/p>\n<p>Suela:\u00a0A je mir\u00eb?<\/p>\n<p>Vajza:\u00a0Mir\u00eb.<\/p>\n<p>Suela:\u00a0Motra si \u00ebsht\u00eb?<\/p>\n<p>Vajza:\u00a0Mir\u00eb \u00ebsht\u00eb.<\/p>\n<p>Odeta:\u00a0T\u00eb ka marr\u00eb malli p\u00ebr mamin?<\/p>\n<p>Vajza:\u00a0Nuk e di. E ka marr\u00eb malli mamin p\u00ebr mua?<\/p>\n<p>Suela:\u00a0Normal.<\/p>\n","protected":false},"excerpt":{"rendered":"<p>Pas 8 vitesh, merr fund historia e zhdukjes s\u00eb Suela Gjonajt. M\u00eb 27 qershor t\u00eb vitit 2015 braktisi dy vajzat e mitura (2 dhe 4 vje\u00e7) n\u00eb sht\u00ebpin\u00eb e prind\u00ebrve n\u00eb Pogradec dhe n\u00eb dhom\u00ebn e kunat\u00ebs kishte marr\u00eb t\u00eb gjitha bizhuterit\u00eb me vler\u00eb.\u00a0Prind\u00ebrit e saj ishin n\u00eb emisionin \u2018Pa gjurm\u00eb\u2019 n\u00eb Report TV, ku [&hellip;]<\/p>\n","protected":false},"author":5,"featured_media":60400,"comment_status":"closed","ping_status":"closed","sticky":false,"template":"","format":"standard","meta":{"footnotes":""},"categories":[1,6332],"tags":[23959,23961,23960,23958],"class_list":{"0":"post-60398","1":"post","2":"type-post","3":"status-publish","4":"format-standard","5":"has-post-thumbnail","7":"category-aktualitet","8":"category-te-fundit","9":"tag-braktisi-2-vajzat-e-mitura","10":"tag-e-bija-e-pyet-nese","11":"tag-gjendet-pas-8-vitesh-ika-se-me-kercenuan","12":"tag-suela"},"_links":{"self":[{"href":"https:\/\/jugulajm.net\/index.php?rest_route=\/wp\/v2\/posts\/60398","targetHints":{"allow":["GET"]}}],"collection":[{"href":"https:\/\/jugulajm.net\/index.php?rest_route=\/wp\/v2\/posts"}],"about":[{"href":"https:\/\/jugulajm.net\/index.php?rest_route=\/wp\/v2\/types\/post"}],"author":[{"embeddable":true,"href":"https:\/\/jugulajm.net\/index.php?rest_route=\/wp\/v2\/users\/5"}],"replies":[{"embeddable":true,"href":"https:\/\/jugulajm.net\/index.php?rest_route=%2Fwp%2Fv2%2Fcomments&post=60398"}],"version-history":[{"count":0,"href":"https:\/\/jugulajm.net\/index.php?rest_route=\/wp\/v2\/posts\/60398\/revisions"}],"wp:featuredmedia":[{"embeddable":true,"href":"https:\/\/jugulajm.net\/index.php?rest_route=\/wp\/v2\/media\/60400"}],"wp:attachment":[{"href":"https:\/\/jugulajm.net\/index.php?rest_route=%2Fwp%2Fv2%2Fmedia&parent=60398"}],"wp:term":[{"taxonomy":"category","embeddable":true,"href":"https:\/\/jugulajm.net\/index.php?rest_route=%2Fwp%2Fv2%2Fcategories&post=60398"},{"taxonomy":"post_tag","embeddable":true,"href":"https:\/\/jugulajm.net\/index.php?rest_route=%2Fwp%2Fv2%2Ftags&post=60398"}],"curies":[{"name":"wp","href":"https:\/\/api.w.org\/{rel}","templated":true}]}}